{"id":7907,"date":"2024-11-16T17:44:49","date_gmt":"2024-11-16T17:44:49","guid":{"rendered":"https:\/\/247stiri.ro\/index.php\/2024\/11\/16\/diversiunea-de-la-meciul-romania-kosovo-mitica-dragomir-intervine-in-scandalul-momentului-niste-oameni-needucati-aproape-salbatici\/"},"modified":"2024-11-16T17:44:49","modified_gmt":"2024-11-16T17:44:49","slug":"diversiunea-de-la-meciul-romania-kosovo-mitica-dragomir-intervine-in-scandalul-momentului-niste-oameni-needucati-aproape-salbatici","status":"publish","type":"post","link":"https:\/\/247stiri.ro\/index.php\/2024\/11\/16\/diversiunea-de-la-meciul-romania-kosovo-mitica-dragomir-intervine-in-scandalul-momentului-niste-oameni-needucati-aproape-salbatici\/","title":{"rendered":"DIVERSIUNEA de la meciul Rom\u00e2nia-Kosovo. Mitic\u0103 Dragomir intervine \u00een scandalul momentului: Ni\u0219te oameni needuca\u021bi, aproape s\u0103lbatici"},"content":{"rendered":"<p>&#8222;Niste acte de oameni needucati, aproape salbatici. Asa ceva nu se poate, nici nu se mai intampla pe vreun stadion in lume iar eu ii felicit pe spectatorii din Romania, care au avut un comportament absolut exceptional&#8221;, a declarat omul de afaceri Dumitru Dragomir.\u00a0<\/p>\n<p>Meciul dintre Rom\u00e2nia \u0219i Kosovo s-a oprit \u00een timpul prelungirilor. Echipa din Kosovo a ie\u0219it de pe teren din cauza unor presupuse scand\u0103ri rasiste \u0219i politice \u00eempotriva Kosovo.<\/p>\n<p>MINCIUNI PE BAND\u0102 RULANT\u0102 DIN PARTE OFICIALILOR DIN KOSOVO<\/p>\n<p>A existat \u0219i rasism \u0219i comportament rasial \u00eempotriva echipei na\u021bionale a Kosovo, a\u0219a c\u0103 am decis s\u0103 nu particip\u0103m la acest meci.Sursa: declara\u021bia lui Bajram Shala, director sportiv al na\u021bionalei din Kosovo<\/p>\n<p><a href=\"https:\/\/www.realitatea.net\/stiri\/actual\/motivul-halucinant-pentru-care-fotbalistii-din-kosovo-a-abandonat-meciul-cu-romania-anuntat-oficial-de-reprezentantii-echipei_67385cfd112a642c63765632\">Motivul halucinant pentru care fotbali\u0219tii din Kosovo au abandonat meciul cu Rom\u00e2nia, anun\u021bat oficial de reprezentan\u021bii echipei<\/a><\/p>\n<p>\u0218i echipa na\u021bional\u0103 de fotbal a Rom\u00e2niei a postat un mesaj pe Facebook, prin care au transmis c\u0103 este regretabil gestul echipei adverse, care a ales s\u0103 p\u0103r\u0103seasc\u0103 terenul f\u0103r\u0103 acordul arbitrului.<\/p>\n<p>Inclusiv presa din Kosovo a avut o reac\u021bie. Potrivit jurnali\u0219tilor, ace\u0219tia au acuzat Rom\u00e2nia ca au afi\u0219at drapelul Serbiei pe treptele stadionului, au aruncat cu obiecte \u00een timpul loviturilor de col\u021b \u0219i ar fi \u00eenceput s\u0103 scandeze &#8222;Serbia&#8221; chiar \u00een momentul c\u00e2nd juc\u0103torii s-au luat la b\u0103taie.<\/p>\n<p>CUM \u00ceNCEARC\u0102 SELEC\u021aIONERUL KOSOVARILOR S\u0102 MANIPULEZE OPINIA PUBLIC\u0102<\/p>\n<p>Din p\u0103cate, respectul a fost pierdut la finalul meciului. Dar problema este c\u0103 situa\u021bia de pe stadion nu s-a schimbat, a declarat Franco Foda, selec\u021bionerul na\u021bionalei din Kosovo.<\/p>\n<p>Pe tot parcursul scandalului, cei de la UEFA au \u00eencercat s\u0103 \u00eei fac\u0103 pe kosovari s\u0103 revin\u0103 \u00een vestiare. Acum, oficialii au anun\u021bat c\u0103 vor veni cu o decizie \u00een cel mai scurt timp. Exper\u021bii sunt de p\u0103rere c\u0103 verdictul va fi \u00een favoarea Rom\u00e2niei, care ar putea c\u00e2\u0219tiga partida cu 3-0.\u00a0<\/p>","protected":false},"excerpt":{"rendered":"<p>&#8222;Niste acte de oameni needucati, aproape salbatici. Asa ceva nu se poate, nici nu se&hellip;<\/p>\n","protected":false},"author":0,"featured_media":7898,"comment_status":"open","ping_status":"open","sticky":false,"template":"","format":"standard","meta":{"footnotes":""},"categories":[2],"tags":[],"class_list":["post-7907","post","type-post","status-publish","format-standard","has-post-thumbnail","hentry","category-actual"],"_links":{"self":[{"href":"https:\/\/247stiri.ro\/index.php\/wp-json\/wp\/v2\/posts\/7907","targetHints":{"allow":["GET"]}}],"collection":[{"href":"https:\/\/247stiri.ro\/index.php\/wp-json\/wp\/v2\/posts"}],"about":[{"href":"https:\/\/247stiri.ro\/index.php\/wp-json\/wp\/v2\/types\/post"}],"replies":[{"embeddable":true,"href":"https:\/\/247stiri.ro\/index.php\/wp-json\/wp\/v2\/comments?post=7907"}],"version-history":[{"count":0,"href":"https:\/\/247stiri.ro\/index.php\/wp-json\/wp\/v2\/posts\/7907\/revisions"}],"wp:featuredmedia":[{"embeddable":true,"href":"https:\/\/247stiri.ro\/index.php\/wp-json\/wp\/v2\/media\/7898"}],"wp:attachment":[{"href":"https:\/\/247stiri.ro\/index.php\/wp-json\/wp\/v2\/media?parent=7907"}],"wp:term":[{"taxonomy":"category","embeddable":true,"href":"https:\/\/247stiri.ro\/index.php\/wp-json\/wp\/v2\/categories?post=7907"},{"taxonomy":"post_tag","embeddable":true,"href":"https:\/\/247stiri.ro\/index.php\/wp-json\/wp\/v2\/tags?post=7907"}],"curies":[{"name":"wp","href":"https:\/\/api.w.org\/{rel}","templated":true}]}}