{"id":7934,"date":"2024-11-16T20:44:54","date_gmt":"2024-11-16T20:44:54","guid":{"rendered":"https:\/\/247stiri.ro\/index.php\/2024\/11\/16\/alerta-de-copil-disparut-in-gorj-un-baiat-de-12-ani-este-cautat-cu-mijloace-de-observatie-cu-infrarosii-si-drone-cu-termoviziune\/"},"modified":"2024-11-16T20:44:54","modified_gmt":"2024-11-16T20:44:54","slug":"alerta-de-copil-disparut-in-gorj-un-baiat-de-12-ani-este-cautat-cu-mijloace-de-observatie-cu-infrarosii-si-drone-cu-termoviziune","status":"publish","type":"post","link":"https:\/\/247stiri.ro\/index.php\/2024\/11\/16\/alerta-de-copil-disparut-in-gorj-un-baiat-de-12-ani-este-cautat-cu-mijloace-de-observatie-cu-infrarosii-si-drone-cu-termoviziune\/","title":{"rendered":"Alert\u0103 de copil disp\u0103rut \u00een Gorj! Un b\u0103iat de 12 ani este c\u0103utat cu mijloace de observa\u0163ie cu infraro\u015fii \u015fi drone cu termoviziune"},"content":{"rendered":"<p>&#8222;\u00cen aceast\u0103 sear\u0103, la ora 19,30, poli\u0163i\u015ftii gorjeni au fost sesiza\u0163i \u00een mod direct de o femeie din D\u0103ne\u015fti cu privire la faptul c\u0103, \u00een jurul orei 17,00, fiul s\u0103u minor, Matei Nicolas Ionu\u0163, \u00een v\u00e2rst\u0103 de 12 ani, ar fi plecat de la domiciliu \u015fi nu a mai revenit. B\u0103iatul era \u00eembr\u0103cat cu un hanorac de culoare alb\u0103, blugi de culoare verde-\u00eenchis \u015fi papuci de cauciuc de culoare neagr\u0103&#8221;, informeaz\u0103 Inspectoratul de Poli\u0163ie Jude\u0163ean Gorj.<\/p>\n<p>Semnalmente: \u00een\u0103l\u0163ime de 1,5 metri, greutate de aproximativ 45 de kilograme, p\u0103r \u015faten, ochi c\u0103prui, fa\u0163\u0103 oval\u0103.<\/p>\n<p>Orice persoan\u0103 care poate oferi informa\u0163ii cu privire la identificarea minorului este rugat\u0103 s\u0103 anun\u0163e cel mai apropiat poli\u0163ist sau s\u0103 apeleze num\u0103rul unic de urgen\u0163\u0103 112.<\/p>\n<p>Salvamonti\u015ftii intervin ca resurs\u0103 de sprijin la solicitarea IPJ pentru c\u0103utarea minorului.<\/p>\n<p>&#8222;Ac\u0163iune \u00een derulare a salvamonti\u015ftilor din cadrul serviciului Salvamont al Consiliului Jude\u0163ean Gorj pentru c\u0103utarea unei persoane \u00een v\u00e2rst\u0103 de 12 ani anun\u0163at\u0103 ca disp\u0103rut\u0103 \u00een zona de deal a jude\u0163ului Gorj, localitatea D\u0103ne\u015fti-Sa\u015fa. Salvamonti\u015ftii intervin ca resurs\u0103 de sprijin la solicitarea Inspectoratului Jude\u0163ean de Politie Gorj \u015fi ac\u0163ioneaz\u0103 cu dou\u0103 ma\u015fini de interven\u0163ie \u00een teren dificil, 6 salvatori, mijloace de observa\u0163ie cu infraro\u015fii \u015fi drone cu termoviziune&#8221;, se arat\u0103 \u00eentr-o postare pe pagina de Facebook a Salvamont Rom\u00e2nia.\u00a0<\/p>","protected":false},"excerpt":{"rendered":"<p>&#8222;\u00cen aceast\u0103 sear\u0103, la ora 19,30, poli\u0163i\u015ftii gorjeni au fost sesiza\u0163i \u00een mod direct de&hellip;<\/p>\n","protected":false},"author":0,"featured_media":7935,"comment_status":"open","ping_status":"open","sticky":false,"template":"","format":"standard","meta":{"footnotes":""},"categories":[2],"tags":[],"class_list":["post-7934","post","type-post","status-publish","format-standard","has-post-thumbnail","hentry","category-actual"],"_links":{"self":[{"href":"https:\/\/247stiri.ro\/index.php\/wp-json\/wp\/v2\/posts\/7934","targetHints":{"allow":["GET"]}}],"collection":[{"href":"https:\/\/247stiri.ro\/index.php\/wp-json\/wp\/v2\/posts"}],"about":[{"href":"https:\/\/247stiri.ro\/index.php\/wp-json\/wp\/v2\/types\/post"}],"replies":[{"embeddable":true,"href":"https:\/\/247stiri.ro\/index.php\/wp-json\/wp\/v2\/comments?post=7934"}],"version-history":[{"count":0,"href":"https:\/\/247stiri.ro\/index.php\/wp-json\/wp\/v2\/posts\/7934\/revisions"}],"wp:featuredmedia":[{"embeddable":true,"href":"https:\/\/247stiri.ro\/index.php\/wp-json\/wp\/v2\/media\/7935"}],"wp:attachment":[{"href":"https:\/\/247stiri.ro\/index.php\/wp-json\/wp\/v2\/media?parent=7934"}],"wp:term":[{"taxonomy":"category","embeddable":true,"href":"https:\/\/247stiri.ro\/index.php\/wp-json\/wp\/v2\/categories?post=7934"},{"taxonomy":"post_tag","embeddable":true,"href":"https:\/\/247stiri.ro\/index.php\/wp-json\/wp\/v2\/tags?post=7934"}],"curies":[{"name":"wp","href":"https:\/\/api.w.org\/{rel}","templated":true}]}}