{"id":7965,"date":"2024-11-17T06:57:52","date_gmt":"2024-11-17T06:57:52","guid":{"rendered":"https:\/\/247stiri.ro\/index.php\/2024\/11\/17\/interpret-de-muzica-populara-in-lacrimi-unicul-copil-al-sau-a-murit-subit-la-numai-17-ani\/"},"modified":"2024-11-17T06:57:52","modified_gmt":"2024-11-17T06:57:52","slug":"interpret-de-muzica-populara-in-lacrimi-unicul-copil-al-sau-a-murit-subit-la-numai-17-ani","status":"publish","type":"post","link":"https:\/\/247stiri.ro\/index.php\/2024\/11\/17\/interpret-de-muzica-populara-in-lacrimi-unicul-copil-al-sau-a-murit-subit-la-numai-17-ani\/","title":{"rendered":"Interpret de muzic\u0103 popular\u0103, \u00een lacrimi. Unicul copil al s\u0103u a murit subit la numai 17 ani"},"content":{"rendered":"<p>Igor Cuciuc spune c\u0103 fiica sa a murit dup\u0103 Balului Bobocilor, la liceul unde \u00eenv\u0103\u021ba. Mai mult, acesta d\u0103 vina pe serviciul de ambulan\u021b\u0103 care a ajuns, din p\u0103cate, prea t\u00e2rziu la Andreea.<\/p>\n<p>\u201eA venit salvarea peste 7 minute neechipat\u0103&#8230; Au sunat \u0219i a venit a doua salvare peste 20 min cu aparat respirator, dar prea tirziu!Au incercat 45 min sa o resusciteze cu oxigen \u0219i nu au putut sa o aduc\u0103 la via\u021b\u0103! Nu \u0219tiu ce sa zic???\u201d, a men\u021bionat artistul pe Facebook.\u00a0Interpretul de muzic\u0103 popular\u0103 obi\u0219nuia s\u0103 c\u00e2nte al\u0103turi de fiica sa \u0219i s\u0103 o ia cu el peste tot.\u00a0\u201eVreau s\u0103 aduc faima in tara..sa fie mandru tatal meu\u201d, spunea fiica artistului \u00een urma cu 3 ani\u201eAm pierdut tot ce aveam mai scump. De ce a\u0219a devreme, la 17 ani \u0219i 4 luni? \u00cengera\u0219ul nostru, tu erai sensul vie\u021bii, de ce ne-ai l\u0103sat, Andreea, singuri? M\u00e2ndria noastr\u0103 frumoas\u0103, inteligen\u021b\u0103 ginga\u0219\u0103, cum sa tr\u0103im f\u0103r\u0103 tine? Suntem distru\u0219i, nu mai putem de durere\u201d, a mai scris artistul pe pagina sa de socializare.\u00a0Acum, \u00eentreaga familie \u0219i apropia\u021bii fetei sunt \u00een stare de \u0219oc \u0219i a\u0219teapt\u0103 expertiza medico-legal\u0103. Circumstan\u021bele mor\u021bii sunt investigate acum \u00een cadrul unui dosar penal.\u00a0<a title=\"Doliu in gimnastica mondiala. Bela Karolyi, legendarul antrenor al Nadiei Comaneci, s-a stins din viata\" href=\"https:\/\/www.realitatea.net\/stiri\/actual\/doliu-in-gimnastica-mondiala-bela-karolyi-legendarul-antrenor-al-nadiei-comaneci-sa-stins-din-viata_67397ae3de6af327317e4ef3\">Doliu \u00een gimnastica mondial\u0103. Bela Karolyi, legendarul antrenor al Nadiei Com\u0103neci, s-a stins din via\u021b\u0103<\/a><\/p>","protected":false},"excerpt":{"rendered":"<p>Igor Cuciuc spune c\u0103 fiica sa a murit dup\u0103 Balului Bobocilor, la liceul unde \u00eenv\u0103\u021ba.&hellip;<\/p>\n","protected":false},"author":0,"featured_media":7966,"comment_status":"open","ping_status":"open","sticky":false,"template":"","format":"standard","meta":{"footnotes":""},"categories":[2],"tags":[],"class_list":["post-7965","post","type-post","status-publish","format-standard","has-post-thumbnail","hentry","category-actual"],"_links":{"self":[{"href":"https:\/\/247stiri.ro\/index.php\/wp-json\/wp\/v2\/posts\/7965","targetHints":{"allow":["GET"]}}],"collection":[{"href":"https:\/\/247stiri.ro\/index.php\/wp-json\/wp\/v2\/posts"}],"about":[{"href":"https:\/\/247stiri.ro\/index.php\/wp-json\/wp\/v2\/types\/post"}],"replies":[{"embeddable":true,"href":"https:\/\/247stiri.ro\/index.php\/wp-json\/wp\/v2\/comments?post=7965"}],"version-history":[{"count":0,"href":"https:\/\/247stiri.ro\/index.php\/wp-json\/wp\/v2\/posts\/7965\/revisions"}],"wp:featuredmedia":[{"embeddable":true,"href":"https:\/\/247stiri.ro\/index.php\/wp-json\/wp\/v2\/media\/7966"}],"wp:attachment":[{"href":"https:\/\/247stiri.ro\/index.php\/wp-json\/wp\/v2\/media?parent=7965"}],"wp:term":[{"taxonomy":"category","embeddable":true,"href":"https:\/\/247stiri.ro\/index.php\/wp-json\/wp\/v2\/categories?post=7965"},{"taxonomy":"post_tag","embeddable":true,"href":"https:\/\/247stiri.ro\/index.php\/wp-json\/wp\/v2\/tags?post=7965"}],"curies":[{"name":"wp","href":"https:\/\/api.w.org\/{rel}","templated":true}]}}