{"id":7967,"date":"2024-11-17T06:57:52","date_gmt":"2024-11-17T06:57:52","guid":{"rendered":"https:\/\/247stiri.ro\/index.php\/2024\/11\/17\/un-barbat-a-ramas-prins-sub-un-utilaj-mobilizare-uriasa-de-forte-salavatorii-au-mers-5-kilometri-prin-padure\/"},"modified":"2024-11-17T06:57:52","modified_gmt":"2024-11-17T06:57:52","slug":"un-barbat-a-ramas-prins-sub-un-utilaj-mobilizare-uriasa-de-forte-salavatorii-au-mers-5-kilometri-prin-padure","status":"publish","type":"post","link":"https:\/\/247stiri.ro\/index.php\/2024\/11\/17\/un-barbat-a-ramas-prins-sub-un-utilaj-mobilizare-uriasa-de-forte-salavatorii-au-mers-5-kilometri-prin-padure\/","title":{"rendered":"Un b\u0103rbat a r\u0103mas prins sub un utilaj. Mobilizare uria\u0219\u0103 de for\u021be, salavatorii au mers 5 kilometri prin p\u0103dure"},"content":{"rendered":"<p>B\u0103rbatul \u00een v\u00e2rst\u0103 de 70 de ani a r\u0103mas prins sub utilajul forestier la mai bine de 5 kilometri distan\u021b\u0103 de orice drum accesibil, a\u0219a c\u0103 cei mai mul\u021bi dintre pompieri \u0219i salvamonti\u0219ti au fost nevoi\u021bi s\u0103 mearg\u0103 pe jos p\u00e2n\u0103 acolo. Dou\u0103 autoturisme de teren special echipate pentru astfel de situa\u021bii au fost singurele vehicule care au putut \u00eenainta prin p\u0103dure.C\u00e2nd autorit\u0103\u021bile au ajuns la fa\u021ba locului, b\u0103rbatul prins sub utilaj era \u00een hipotermie. Salvatorii au f\u0103cut o prim\u0103 evaluare la fa\u021ba locului \u0219i mai apoi au declan\u0219at opera\u021biunea prin care l-au scos pe v\u00e2rstnic de sub vehiculul extrem de greu.Din fericire, b\u0103rbatul putea s\u0103 comunice cu pompierii. Totu\u0219i, fiindc\u0103 era \u00een hipotermie \u0219i avea mai multe r\u0103ni vizibile la nivelul pipetului, ace\u0219tia au decis s\u0103 cheme \u00een ajutor un elicopter SMURD. Victima se afl\u0103 acum \u00een grija medicilor de la Spitalul Jude\u021bean de Urgen\u021b\u0103 Baia Mare.\u00a0<\/p>\n<p><a title=\"Aberatiile justitiei: Un hot trebuie sa primeasca o suma uriasa dupa ce a fost ranit in timpul jafului\" href=\"https:\/\/www.realitatea.net\/stiri\/actual\/aberatiile-justitiei-un-hot-trebuie-sa-primeasca-o-suma-uriasa-dupa-ce-a-fost-ranit-in-timpul-jafului_6739860f8d5371598278b6c2\">Abera\u021biile justi\u021biei: Un ho\u021b trebuie s\u0103 primeasc\u0103 o sum\u0103 uria\u0219\u0103 dup\u0103 ce a fost r\u0103nit \u00een timpul jafului<\/a><\/p>","protected":false},"excerpt":{"rendered":"<p>B\u0103rbatul \u00een v\u00e2rst\u0103 de 70 de ani a r\u0103mas prins sub utilajul forestier la mai&hellip;<\/p>\n","protected":false},"author":0,"featured_media":7968,"comment_status":"open","ping_status":"open","sticky":false,"template":"","format":"standard","meta":{"footnotes":""},"categories":[2],"tags":[],"class_list":["post-7967","post","type-post","status-publish","format-standard","has-post-thumbnail","hentry","category-actual"],"_links":{"self":[{"href":"https:\/\/247stiri.ro\/index.php\/wp-json\/wp\/v2\/posts\/7967","targetHints":{"allow":["GET"]}}],"collection":[{"href":"https:\/\/247stiri.ro\/index.php\/wp-json\/wp\/v2\/posts"}],"about":[{"href":"https:\/\/247stiri.ro\/index.php\/wp-json\/wp\/v2\/types\/post"}],"replies":[{"embeddable":true,"href":"https:\/\/247stiri.ro\/index.php\/wp-json\/wp\/v2\/comments?post=7967"}],"version-history":[{"count":0,"href":"https:\/\/247stiri.ro\/index.php\/wp-json\/wp\/v2\/posts\/7967\/revisions"}],"wp:featuredmedia":[{"embeddable":true,"href":"https:\/\/247stiri.ro\/index.php\/wp-json\/wp\/v2\/media\/7968"}],"wp:attachment":[{"href":"https:\/\/247stiri.ro\/index.php\/wp-json\/wp\/v2\/media?parent=7967"}],"wp:term":[{"taxonomy":"category","embeddable":true,"href":"https:\/\/247stiri.ro\/index.php\/wp-json\/wp\/v2\/categories?post=7967"},{"taxonomy":"post_tag","embeddable":true,"href":"https:\/\/247stiri.ro\/index.php\/wp-json\/wp\/v2\/tags?post=7967"}],"curies":[{"name":"wp","href":"https:\/\/api.w.org\/{rel}","templated":true}]}}