{"id":7977,"date":"2024-11-17T07:46:00","date_gmt":"2024-11-17T07:46:00","guid":{"rendered":"https:\/\/247stiri.ro\/index.php\/2024\/11\/17\/sotia-primarului-emil-boc-a-devenit-fotomodel-pentru-o-zi-oana-boc-a-defilat-pe-podiumul-unui-eveniment-de-moda\/"},"modified":"2024-11-17T07:46:00","modified_gmt":"2024-11-17T07:46:00","slug":"sotia-primarului-emil-boc-a-devenit-fotomodel-pentru-o-zi-oana-boc-a-defilat-pe-podiumul-unui-eveniment-de-moda","status":"publish","type":"post","link":"https:\/\/247stiri.ro\/index.php\/2024\/11\/17\/sotia-primarului-emil-boc-a-devenit-fotomodel-pentru-o-zi-oana-boc-a-defilat-pe-podiumul-unui-eveniment-de-moda\/","title":{"rendered":"So\u021bia primarului Emil Boc a devenit fotomodel pentru o zi. Oana Boc a defilat pe podiumul unui eveniment de mod\u0103"},"content":{"rendered":"<p>Vineri seara, podiumul evenimentului City Fashion Week din Cluj-Napoca a fost martorul unei surprize pl\u0103cute: Oana Boc, so\u021bia primarului municipiului Cluj-Napoca, Emil Boc, a defilat cu elegan\u021b\u0103 pe catwalk. Cu un z\u00e2mbet cald \u0219i atitudine deschis\u0103, Oana a adus un strop de rafinament \u0219i carism\u0103 pe una dintre cele mai a\u0219teptate scene de mod\u0103 din Rom\u00e2nia.<\/p>\n<p>City Fashion Week, un eveniment de prestigiu care reune\u0219te anual peste 50 de designeri din \u00eentreaga \u021bar\u0103, este un prilej de celebrare a creativit\u0103\u021bii \u0219i inova\u021biei \u00een domeniul modei. De peste 20 de ani, aceast\u0103 manifestare atrage nu doar designerii, ci \u0219i figuri influente din lumea modei, oferindu-le o platform\u0103 valoroas\u0103 pentru a-\u0219i prezenta lucr\u0103rile. Anul acesta, al\u0103turi de designerii consacra\u021bi, Oana Boc a reu\u0219it s\u0103 capteze aten\u021bia publicului, devenind o figur\u0103 central\u0103 a evenimentului.<\/p>\n\n<p>Oana Boc, lector universitar doctor \u00een cadrul Departamentului de Limba Rom\u00e2n\u0103 \u0219i Lingvistic\u0103 General\u0103 la Universitatea \u201eBabe\u0219-Bolyai\u201d, a demonstrat c\u0103 poate \u00eembina cu succes cariera academic\u0103 cu pasiunea pentru mod\u0103. Defilarea sa pe podium a fost nu doar o simpl\u0103 apari\u021bie, ci \u0219i o declara\u021bie de stil, inspir\u00e2ndu-i pe cei care o admir\u0103 at\u00e2t \u00een calitate de so\u021bie a primarului, c\u00e2t \u0219i \u00een rolul profesional pe care \u00eel ocup\u0103.<\/p>\n<p>Prezen\u021ba Oanei Boc la City Fashion Week nu a fost doar o oportunitate de a se afi\u015fa \u00eentr-un nou context, ci a reu\u0219it s\u0103 consolideze \u0219i imaginea familiei Boc \u00een via\u021ba public\u0103 a Clujului.\u00a0<\/p>\n<p><a title='Emil Boc: ,,Trebuie sa le oferi romanilor motive sa ramana acasa si calitate a vietii. PNL poate acest lucru\" ' href=\"https:\/\/www.realitatea.net\/stiri\/actual\/emil-boc-trebuie-sa-le-oferi-romanilor-motive-sa-ramana-acasa-si-calitate-a-vietii-pnl-poate-acest-lucru_67260e8d29b16d1ac33b7b88\">Emil Boc: \u201eTrebuie s\u0103 le oferi rom\u00e2nilor motive s\u0103 r\u0103m\u00e2n\u0103 acas\u0103 \u0219i calitate a vie\u021bii. PNL poate acest lucru\u201d<\/a><\/p>","protected":false},"excerpt":{"rendered":"<p>Vineri seara, podiumul evenimentului City Fashion Week din Cluj-Napoca a fost martorul unei surprize pl\u0103cute:&hellip;<\/p>\n","protected":false},"author":0,"featured_media":7978,"comment_status":"open","ping_status":"open","sticky":false,"template":"","format":"standard","meta":{"footnotes":""},"categories":[2],"tags":[],"class_list":["post-7977","post","type-post","status-publish","format-standard","has-post-thumbnail","hentry","category-actual"],"_links":{"self":[{"href":"https:\/\/247stiri.ro\/index.php\/wp-json\/wp\/v2\/posts\/7977","targetHints":{"allow":["GET"]}}],"collection":[{"href":"https:\/\/247stiri.ro\/index.php\/wp-json\/wp\/v2\/posts"}],"about":[{"href":"https:\/\/247stiri.ro\/index.php\/wp-json\/wp\/v2\/types\/post"}],"replies":[{"embeddable":true,"href":"https:\/\/247stiri.ro\/index.php\/wp-json\/wp\/v2\/comments?post=7977"}],"version-history":[{"count":0,"href":"https:\/\/247stiri.ro\/index.php\/wp-json\/wp\/v2\/posts\/7977\/revisions"}],"wp:featuredmedia":[{"embeddable":true,"href":"https:\/\/247stiri.ro\/index.php\/wp-json\/wp\/v2\/media\/7978"}],"wp:attachment":[{"href":"https:\/\/247stiri.ro\/index.php\/wp-json\/wp\/v2\/media?parent=7977"}],"wp:term":[{"taxonomy":"category","embeddable":true,"href":"https:\/\/247stiri.ro\/index.php\/wp-json\/wp\/v2\/categories?post=7977"},{"taxonomy":"post_tag","embeddable":true,"href":"https:\/\/247stiri.ro\/index.php\/wp-json\/wp\/v2\/tags?post=7977"}],"curies":[{"name":"wp","href":"https:\/\/api.w.org\/{rel}","templated":true}]}}