{"id":7979,"date":"2024-11-17T07:46:01","date_gmt":"2024-11-17T07:46:01","guid":{"rendered":"https:\/\/247stiri.ro\/index.php\/2024\/11\/17\/descoperire-macabra-in-judetul-arad-cadavru-gasit-intr-o-fosa-septica-primele-indicii-arata-ca-ar-fi-vorba-despre-o-crima\/"},"modified":"2024-11-17T07:46:01","modified_gmt":"2024-11-17T07:46:01","slug":"descoperire-macabra-in-judetul-arad-cadavru-gasit-intr-o-fosa-septica-primele-indicii-arata-ca-ar-fi-vorba-despre-o-crima","status":"publish","type":"post","link":"https:\/\/247stiri.ro\/index.php\/2024\/11\/17\/descoperire-macabra-in-judetul-arad-cadavru-gasit-intr-o-fosa-septica-primele-indicii-arata-ca-ar-fi-vorba-despre-o-crima\/","title":{"rendered":"Descoperire macabr\u0103 \u00een jude\u021bul Arad. Cadavru, g\u0103sit \u00eentr-o fos\u0103 septic\u0103. Primele indicii arat\u0103 c\u0103 ar fi vorba despre o crim\u0103"},"content":{"rendered":"<p>Mai mul\u021bi muncitori care lucrau la renovarea unei cl\u0103diri au dat peste un cadavru aruncat \u00eentr-o fos\u0103 septic\u0103. Din primele informa\u021bii, se pare c\u0103 trupul ne\u00eensufle\u021bit este al unei femei care ar fi fost victima unei crime.\u00a0<\/p>\n<p>Din cauza st\u0103rii de degradare avansat\u0103 \u00een care se afl\u0103 cadavrul, deocamdat\u0103 este greu s\u0103 fie stabilit\u0103 identitatea persoanei.<\/p>\n<p>Anchetatorii sunt de p\u0103rere c\u0103 trupul se afl\u0103 \u00een fosa septic\u0103 de cel pu\u021bin un an \u0219i au numeroase indicii care sugereaz\u0103 c\u0103 a fost vorba despre o crim\u0103.<\/p>\n<p>Construc\u021bia \u00een care a fost f\u0103cut\u0103 descoperirea macabr\u0103 se afl\u0103 \u00een mijlocul unui parc.<\/p>\n<p>Cl\u0103direa apar\u021bine unui investitor care vrea s\u0103 o transforme \u00eentr-un centru balneoclimateric, iar muncitorii care au dat peste cadavru voiau s\u0103 monteze o central\u0103. De aceea, au verificat mai \u00eent\u00e2i canalele.\u00a0<\/p>\n<p><a title=\"Un barbat a ramas prins sub un utilaj. Mobilizare uriasa de forte, salavatorii au mers 5 kilometri prin padure\" href=\"https:\/\/www.realitatea.net\/stiri\/actual\/un-barbat-a-ramas-prins-sub-un-utilaj-mobilizare-uriasa-de-forte-salavatorii-au-mers-5-kilometri-prin-padure_67398835329e7059542ba602\">Un b\u0103rbat a r\u0103mas prins sub un utilaj. Mobilizare uria\u0219\u0103 de for\u021be, salavatorii au mers 5 kilometri prin p\u0103dure<\/a><\/p>","protected":false},"excerpt":{"rendered":"<p>Mai mul\u021bi muncitori care lucrau la renovarea unei cl\u0103diri au dat peste un cadavru aruncat&hellip;<\/p>\n","protected":false},"author":0,"featured_media":7980,"comment_status":"open","ping_status":"open","sticky":false,"template":"","format":"standard","meta":{"footnotes":""},"categories":[2],"tags":[],"class_list":["post-7979","post","type-post","status-publish","format-standard","has-post-thumbnail","hentry","category-actual"],"_links":{"self":[{"href":"https:\/\/247stiri.ro\/index.php\/wp-json\/wp\/v2\/posts\/7979","targetHints":{"allow":["GET"]}}],"collection":[{"href":"https:\/\/247stiri.ro\/index.php\/wp-json\/wp\/v2\/posts"}],"about":[{"href":"https:\/\/247stiri.ro\/index.php\/wp-json\/wp\/v2\/types\/post"}],"replies":[{"embeddable":true,"href":"https:\/\/247stiri.ro\/index.php\/wp-json\/wp\/v2\/comments?post=7979"}],"version-history":[{"count":0,"href":"https:\/\/247stiri.ro\/index.php\/wp-json\/wp\/v2\/posts\/7979\/revisions"}],"wp:featuredmedia":[{"embeddable":true,"href":"https:\/\/247stiri.ro\/index.php\/wp-json\/wp\/v2\/media\/7980"}],"wp:attachment":[{"href":"https:\/\/247stiri.ro\/index.php\/wp-json\/wp\/v2\/media?parent=7979"}],"wp:term":[{"taxonomy":"category","embeddable":true,"href":"https:\/\/247stiri.ro\/index.php\/wp-json\/wp\/v2\/categories?post=7979"},{"taxonomy":"post_tag","embeddable":true,"href":"https:\/\/247stiri.ro\/index.php\/wp-json\/wp\/v2\/tags?post=7979"}],"curies":[{"name":"wp","href":"https:\/\/api.w.org\/{rel}","templated":true}]}}