{"id":8000,"date":"2024-11-17T09:53:27","date_gmt":"2024-11-17T09:53:27","guid":{"rendered":"https:\/\/247stiri.ro\/index.php\/2024\/11\/17\/planurile-fiicei-afaceristului-ioan-crisan-date-in-vileag-de-procurori-care-au-fost-adevaratele-motive-ale-asasinatului-si-cati-bani-au-primit-complicii\/"},"modified":"2024-11-17T09:53:27","modified_gmt":"2024-11-17T09:53:27","slug":"planurile-fiicei-afaceristului-ioan-crisan-date-in-vileag-de-procurori-care-au-fost-adevaratele-motive-ale-asasinatului-si-cati-bani-au-primit-complicii","status":"publish","type":"post","link":"https:\/\/247stiri.ro\/index.php\/2024\/11\/17\/planurile-fiicei-afaceristului-ioan-crisan-date-in-vileag-de-procurori-care-au-fost-adevaratele-motive-ale-asasinatului-si-cati-bani-au-primit-complicii\/","title":{"rendered":"Planurile fiicei afaceristului Ioan Cri\u0219an, date \u00een vileag de procurori. Care au fost adev\u0103ratele motive ale asasinatului \u0219i c\u00e2\u021bi bani au primit complicii"},"content":{"rendered":"<p>Motivarea \u00cenaltei Cur\u021bi de Casa\u021bie \u0219i Justi\u021bie referitoare la arestarea preventiv\u0103 a Laurei Cri\u0219an \u0219i a celor doi b\u0103rba\u021bi presupusi complici subliniaz\u0103 c\u0103 \u00eentre ace\u0219tia existau \u201erela\u021bii consolidate de prietenie\u201d de mai mult timp, interac\u021biunile lor fiind frecvente, at\u00e2t pe plan personal, c\u00e2t \u0219i profesional. De asemenea, ace\u0219tia se cuno\u0219teau bine cu \u201eFrizerul\u201d, individul care le-ar fi furnizat mecanismul utilizat pentru detonare. Documentele arat\u0103 c\u0103 detonatorul a fost achizi\u021bionat de cei doi b\u0103rba\u021bi de la frizer cu dou\u0103 zile \u00eenainte de explozia ma\u0219inii \u00een care se afla Ioan Cri\u0219an.<\/p>\n<p>Frizerul a oferit anchetatorilor detalii minu\u021bioase despre toate pa\u0219ii urma\u021bi pentru a monta un telefon destinat deton\u0103rii explozibilului, incluz\u00e2nd asamblarea dispozitivului exploziv. Pentru activarea bombei, b\u0103rba\u021bii ar fi folosit un telefon Alcatel 2003G, fragmente din bateria acestuia fiind descoperite la locul exploziei. Acest telefon fusese achizi\u021bionat de unul dintre inculpa\u021bi, Horodinc\u0103, cu dou\u0103 zile \u00eenainte de accident.<\/p>\n<p>\u00cen noaptea dintre 28 \u0219i 29 mai 2021, cu o sear\u0103 \u00eenainte de explozia \u00een care Ioan Cri\u0219an a fost ucis, cei doi b\u0103rba\u021bi, Bulbuc \u0219i Horodinc\u0103, se aflau \u00een apropierea locuin\u021bei lui Ioan Cri\u0219an, unde se g\u0103sea parcat autoturismul ce urma s\u0103 explodeze a doua zi.<\/p>\n<p>Judec\u0103torii \u00cenaltei Cur\u021bi au considerat \u201eevident\u0103 suspiciunea rezonabil\u0103 c\u0103 cei doi inculpa\u021bi au plasat dispozitivul de detonare cu explozibil \u00een autoturismul victimei\u201d, cei doi purt\u00e2nd conversa\u021bii telefonice \u00een noaptea de dinaintea exploziei, fiind localiza\u021bi \u00een raza aceleia\u0219i celule GSM.\u00a0\u00cen ceea ce prive\u0219te explozibilul folosit, procurorul din cadrul Parchetului General arat\u0103 c\u0103 cel mai probabil a fost unul \u201ede putere sc\u0103zut\u0103, posibil f\u0103cut artizanal, pe baz\u0103 de amestec pirotehnic\u201d. Frizerul le-ar fi spus anchetatorilor c\u0103 explozibilul a fost \u201eplantat\u201d sub autoturism \u00een fa\u021ba casei lui Ioan Cri\u0219an.\u00a0Conform documentelor procurorilor, \u00eentre inculpatul Bulbuc \u0219i inculpata Cri\u0219an (B\u00eelcea) au existat \u201erela\u021bii personale, intime\u201d, \u00eenainte de 27 mai 2021 \u00eentre cei doi fiind efectuate aproape o sut\u0103 de apeluri telefonice. Dup\u0103 aceast\u0103 dat\u0103, \u00eens\u0103, cei doi nu au mai vorbit la telefon, din 27 mai 2021 p\u00e2n\u0103 \u00een prezent fiind efectuate doar patru apeluri \u00eentre ace\u0219tia.\u00a0Dup\u0103 explozia ma\u0219inii lui Ioan Cri\u0219an, procurorii arat\u0103 c\u0103 situa\u021bia material\u0103 a celor doi b\u0103rba\u021bi \u2013 Horodinc\u0103 \u0219i Bulbuc \u2013 s-a \u00eembun\u0103t\u0103\u021bit considerabil. Unul dintre ei a cump\u0103rat o cas\u0103 pe numele bunicului s\u0103u \u0219i un autoturism \u00een valoare de aproape 6 mii de euro, iar cel\u0103lalt i-a \u00eemprumutat unui apropiat suma de 13 mii de euro \u0219i \u0219i-a renovat casa.\u00a0Despre motivul care ar fi determinat-o pe Laura Cri\u0219an s\u0103 ia o decizie at\u00e2t de drastic\u0103 precum executarea tat\u0103lui ei, procurorul men\u021bioneaz\u0103 c\u0103 totul a avut la baz\u0103 aspecte financiare. Laura Cri\u0219an (B\u00eelcea) ar fi dorit s\u0103 v\u00e2nd\u0103 locuin\u021ba \u00een care tr\u0103ia al\u0103turi de cei doi copii, deoarece considera c\u0103 \u00eentre\u021binerea acesteia era prea mare. O martor\u0103 din dosar, apropiat\u0103 de Laura Cri\u0219an, a declarat c\u0103, dup\u0103 ce a \u00eencercat de mai multe ori s\u0103-l conving\u0103 pe tat\u0103l s\u0103u, afaceristul Ioan Cri\u0219an, s\u0103 accept\u0103 v\u00e2nzarea casei, iar acesta a refuzat, Laura i-ar fi comunicat c\u0103 are inten\u021bia de a incendia locuin\u021ba, pentru a se elibera de aceast\u0103 problem\u0103, scrie <a href=\"https:\/\/www.aradon.ro\/aradon-stirile-judetului-arad\/detalii-din-ancheta-exploziei-masinii-lui-ioan-crisan-1942970\/\" target=\"_blank\">presa local\u0103<\/a>.\u00a0Ulterior, \u00eens\u0103, inculpata i-ar fi spus martorei c\u0103 s-a r\u0103zg\u00e2ndit. Aceea\u0219i martor\u0103, apropiat\u0103 a Laurei Cri\u0219an, le-a spus anchetatorilor c\u0103 femeia primea lunar c\u00e2te dou\u0103 mii de euro pentru \u00eentre\u021binerea sa \u0219i a copiilor, men\u021bion\u00e2nd totodat\u0103 c\u0103 omul de afaceri \u201eera nemul\u021bumit\u201d de faptul c\u0103 fiica sa \u201enu realiza nimic, de\u0219i avea studii juridice\u201d, \u00een timp ce femeia \u00eei repro\u0219a tat\u0103lui s\u0103u c\u0103 \u201enu o sus\u021bine\u201d. Procurorul arat\u0103 c\u0103 omul de afaceri inten\u021biona ca afacerile sale s\u0103 fie conduse, treptat, de nepoata sa, \u021bin\u00e2nd cont de \u201einaptitudinile constatate la fiica sa\u201d.\u00a0<a title=\"Crima de la Arad. Magistratii au decis: Toti cei trei suspecti vor fi arestati preventiv pentru 30 de zile\" href=\"https:\/\/www.realitatea.net\/stiri\/actual\/crima-de-la-arad-magistratii-au-decis-toti-cei-trei-suspecti-vor-fi-arestati-preventiv-pentru-30-de-zile_6734d4ba172b8174917b2312\">Crima de la Arad. Magistra\u021bii au decis: To\u021bi cei trei suspec\u021bi vor fi aresta\u021bi preventiv pentru 30 de zile<\/a>\u00a0\u201e\u00cen ceea ce prive\u015fte motivul care a determinat-o pe inculpata B\u00eelcea Laura Oana de a \u00ee\u015fi ucide tat\u0103l, victima Cri\u015fan Ioan, \u00cenalta Curte re\u0163ine c\u0103 probatoriul administrat \u00een cauz\u0103 relev\u0103 tensiunile \u015fi nemul\u0163umirile reciproce grave dintre tat\u0103 \u015fi fiic\u0103, pe toate planurile, at\u00e2t personale c\u00e2t \u015fi al activit\u0103\u0163ilor profesionale \u015fi de afaceri \u015fi dorin\u0163a extrem\u0103 a inculpatei de a \u00ee\u015fi gestiona singur\u0103 via\u0163a personal\u0103, profesional\u0103 \u015fi de afaceri f\u0103r\u0103 constr\u00e2ngerile \u015fi direc\u0163iile impuse de tat\u0103l s\u0103u \u015fi de a dispune de toate resursele care apar\u0163ineau acestuia. Aceste tensiuni au ap\u0103rut urmare a e\u015fecurilor inculpatei B\u00eelcea Laura Oana de a desf\u0103\u015fura at\u00e2t profesia de avocat c\u00e2t \u015fi de a gestiona diferitele firme care au fost \u00eenfiin\u0163ate \u00een considerarea persoanei sale de c\u0103tre tat\u0103l s\u0103u ori de a se implica eficient \u00een firmele de\u0163inute de victima Cri\u015fan Ioan.\u201d, se arat\u0103 \u00een motivarea \u00cenaltei Cur\u021bi de Casa\u021bie \u0219i Justi\u021bie de arestare preventiv\u0103 a celor trei inculpa\u021bi.\u00a0Motivarea instan\u021bei mai arat\u0103 c\u0103 dup\u0103 decesul omului de afaceri, la aproximativ o lun\u0103 \u0219i jum\u0103tate distan\u021b\u0103, Laura Cri\u0219an a retras de la banc\u0103, \u00een baza certificatului de mo\u0219tenitor, suma de 101.440 de euro \u00een numerar. Documentul arat\u0103 c\u0103 inculpatul Bulbuc \u0219i-a renovat ulterior casa, f\u0103c\u00e2nd pl\u0103\u021bi \u00een valoare de 73 de mii de lei, apoi a \u00eemprumutat unui apropiat suma de 13 mii de euro, \u00een condi\u021biile \u00een care la data la care Laura Cri\u0219an a retras bani de la banc\u0103, conturile lui Bulbuc erau goale. \u00cen august 2021, cel\u0103lalt inculpat \u2013 Horodinc\u0103 \u2013 s-a \u00eentors din Austria (unde plecase \u00een ziua exploziei), av\u00e2nd \u00een cont aproximativ 600 de lei. \u0218i-a cump\u0103rat ulterior un autoturism cu aproxiamtiv 6 mii de euro \u201ef\u0103r\u0103 negociere, pl\u0103tind \u00een numerar \u0219i solicit\u00e2ndu-i v\u00e2nz\u0103torului men\u021bionarea \u00een contract a unei sume mai mici\u201d. Tot acela\u0219i inculpat a cump\u0103rat \u0219i o cas\u0103, pe care a trecut-o pe numele bunicului s\u0103u, arat\u0103 anchetatorii.\u00a0\u00a0Investigatorii mai men\u021bioneaz\u0103 c\u0103 inculpatul Horodinc\u0103 a fost nemul\u021bumit de faptul c\u0103 a primit \u201ede la inculpat\u0103 doar suma de 20.000 euro, spre deosebire de inculpatul Bulbuc, care ar fi primit o sum\u0103 mult mai mare, sus\u021binere probat\u0103 \u0219i de cheltuielile mult mai mari efectuate de inculpatul Bulbuc. Pentru dispozitivul de detonare a explozibilului, cei doi inculpa\u021bi i-ar fi pl\u0103tit frizerului \u201eo sut\u0103 \u0219i ceva de lei\u201d, pe care acesta \u00eei avea datorie unuia dintre cei doi. Ace\u0219tia i-ar fi spus frizerului c\u0103 vor folosi dispozitivul pe un \u0219antier, pentru a demola o construc\u021bie. Dup\u0103 explozia de pe 29 mai 2021, \u00eens\u0103, b\u0103rbatul \u0219i-ar fi dat seama c\u0103 cei doi ar putea fi autorii. A \u00eencercat s\u0103-i sune, ocazie cu care a aflat c\u0103 inculpatul Bulbuc era plecat din ora\u0219, iar inculpatul Horodinc\u0103 plecase din \u021bar\u0103.\u00a0<a title=\"Descoperire macabra in judetul Arad. Cadavru, gasit intr-o fosa septica. Primele indicii arata ca ar fi vorba despre o crima\" href=\"https:\/\/www.realitatea.net\/stiri\/actual\/descoperire-macabra-in-judetul-arad-cadavru-gasit-intro-fosa-septica-primele-indicii-arata-ca-ar-fi-vorba-despre-o-crima_673994968c675c58892c20f9\">Descoperire macabr\u0103 \u00een jude\u021bul Arad. Cadavru, g\u0103sit \u00eentr-o fos\u0103 septic\u0103. Primele indicii arat\u0103 c\u0103 ar fi vorba despre o crim\u0103<\/a><\/p>","protected":false},"excerpt":{"rendered":"<p>Motivarea \u00cenaltei Cur\u021bi de Casa\u021bie \u0219i Justi\u021bie referitoare la arestarea preventiv\u0103 a Laurei Cri\u0219an \u0219i&hellip;<\/p>\n","protected":false},"author":0,"featured_media":8001,"comment_status":"open","ping_status":"open","sticky":false,"template":"","format":"standard","meta":{"footnotes":""},"categories":[2],"tags":[],"class_list":["post-8000","post","type-post","status-publish","format-standard","has-post-thumbnail","hentry","category-actual"],"_links":{"self":[{"href":"https:\/\/247stiri.ro\/index.php\/wp-json\/wp\/v2\/posts\/8000","targetHints":{"allow":["GET"]}}],"collection":[{"href":"https:\/\/247stiri.ro\/index.php\/wp-json\/wp\/v2\/posts"}],"about":[{"href":"https:\/\/247stiri.ro\/index.php\/wp-json\/wp\/v2\/types\/post"}],"replies":[{"embeddable":true,"href":"https:\/\/247stiri.ro\/index.php\/wp-json\/wp\/v2\/comments?post=8000"}],"version-history":[{"count":0,"href":"https:\/\/247stiri.ro\/index.php\/wp-json\/wp\/v2\/posts\/8000\/revisions"}],"wp:featuredmedia":[{"embeddable":true,"href":"https:\/\/247stiri.ro\/index.php\/wp-json\/wp\/v2\/media\/8001"}],"wp:attachment":[{"href":"https:\/\/247stiri.ro\/index.php\/wp-json\/wp\/v2\/media?parent=8000"}],"wp:term":[{"taxonomy":"category","embeddable":true,"href":"https:\/\/247stiri.ro\/index.php\/wp-json\/wp\/v2\/categories?post=8000"},{"taxonomy":"post_tag","embeddable":true,"href":"https:\/\/247stiri.ro\/index.php\/wp-json\/wp\/v2\/tags?post=8000"}],"curies":[{"name":"wp","href":"https:\/\/api.w.org\/{rel}","templated":true}]}}