{"id":8038,"date":"2024-11-17T13:45:58","date_gmt":"2024-11-17T13:45:58","guid":{"rendered":"https:\/\/247stiri.ro\/index.php\/2024\/11\/17\/emil-boc-draga-binom-psd-aur-transilvania-n-a-fost-nu-este-si-nu-va-fi-niciodata-a-voastra-transilvania-este-va-fi-si-ramane-liberala-si-nicolae-ciuca-va-fi-presedinte\/"},"modified":"2024-11-17T13:45:58","modified_gmt":"2024-11-17T13:45:58","slug":"emil-boc-draga-binom-psd-aur-transilvania-n-a-fost-nu-este-si-nu-va-fi-niciodata-a-voastra-transilvania-este-va-fi-si-ramane-liberala-si-nicolae-ciuca-va-fi-presedinte","status":"publish","type":"post","link":"https:\/\/247stiri.ro\/index.php\/2024\/11\/17\/emil-boc-draga-binom-psd-aur-transilvania-n-a-fost-nu-este-si-nu-va-fi-niciodata-a-voastra-transilvania-este-va-fi-si-ramane-liberala-si-nicolae-ciuca-va-fi-presedinte\/","title":{"rendered":"Emil Boc: Drag\u0103 binom PSD-AUR, Transilvania n-a fost, nu este \u0219i nu va fi niciodat\u0103 a voastr\u0103! Transilvania este, va fi \u0219i r\u0103m\u00e2ne liberal\u0103 \u0219i Nicolae Ciuc\u0103 va fi pre\u0219edinte"},"content":{"rendered":"<p>\u00cen discursul s\u0103u, primarul Clujului a f\u0103cut apel la unitatea dreptei rom\u00e2ne\u0219ti \u0219i a subliniat importan\u021ba unui vot ra\u021bional, subliniind c\u0103 Rom\u00e2nia are nevoie de o direc\u021bie clar\u0103 \u0219i de un lider capabil, \u00een persoana lui Nicolae Ciuc\u0103. El a transmis un mesaj puternic mediului de afaceri, asigur\u00e2ndu-i c\u0103 PNL este cel mai mare sus\u021bin\u0103tor al acestora, iar Nicolae Ciuc\u0103 este pre\u0219edintele care \u00eei poate \u00een\u021belege cel mai bine nevoile.<\/p>\n<p>De asemenea, primarul a eviden\u021biat avantajele unei politici fiscale favorabile, promov\u00e2nd ideea men\u021binerii cotei unice \u0219i a unor taxe mici, solu\u021bii pe care le asociaz\u0103 exclusiv cu PNL \u0219i cu Nicolae Ciuc\u0103.<\/p>\n<p>\u00cen contrast cu acestea, el a adresat un avertisment celor care consider\u0103 c\u0103 AUR ar putea fi o solu\u021bie viabil\u0103, \u00eendemn\u00e2ndu-i s\u0103 nu se lase influen\u021ba\u021bi de promisiuni nerealiste. Emil Boc a f\u0103cut referire la lec\u021biile istoriei, amintind de perioadele de instabilitate, pentru a argumenta c\u0103 solu\u021biile anti-europene nu pot asigura un viitor prosper \u0219i sigur.<\/p>\n<p>\u00cen final, primarul a reafirmat faptul c\u0103, \u00een prezent, Rom\u00e2nia beneficiaz\u0103 de cele mai bune garan\u021bii de securitate prin apartenen\u021ba sa la UE \u0219i NATO, \u0219i a subliniat capacitatea lui Nicolae Ciuc\u0103 de a men\u021bine acest proiect european \u0219i euroatlantic, consider\u00e2ndu-l esen\u021bial pentru viitorul \u021b\u0103rii.<\/p>\n<p>\u201eDrag\u0103 binom PSD-AUR, Transilvania n-a fost, nu este \u0219i nu va fi niciodat\u0103 a voastr\u0103. Transilvania este, va fi \u0219i r\u0103m\u00e2ne liberal\u0103 \u0219i Nicolae Ciuc\u0103 va fi pre\u0219edinte.\u00a0<\/p>\n<p>Avem nevoie de un vot ra\u021bional \u0219i util. Dragi reprezentan\u021bi ai dreptei rom\u00e2ne\u0219ti, dragi candida\u021bi independen\u021bi, haide\u021bi s\u0103 nu irosim votul de dreapta. Avem o singur\u0103 \u0219ans\u0103 ca Rom\u00e2nia s\u0103 aib\u0103 viitor \u2013 Nicolae Ciuc\u0103 pre\u0219edintele Rom\u00e2niei!\u00a0<\/p>\n<p>Am un mesaj pentru mediul de afaceri: nu ave\u021bi un alt fan mai mare dec\u00e2t Partidul Na\u021bional Liberal \u0219i nu ave\u021bi un alt pre\u0219edinte care s\u0103 v\u0103 \u00een\u021beleag\u0103 mai bine nevoile dec\u00e2t Nicolae Ciuc\u0103.\u00a0<\/p>\n<p>Dac\u0103 vre\u021bi s\u0103 avem \u00een continuare cot\u0103 unic\u0103, dac\u0103 dori\u021bi s\u0103 avem cele mai mici taxe posibile \u00een Rom\u00e2nia, avem o singur\u0103 solu\u021bie: Partidul Na\u021bional Liberal \u0219i Nicolae Ciuc\u0103 pre\u0219edintele Rom\u00e2niei.\u00a0<\/p>\n<p>Un mesaj pentru cei care cred c\u0103 AUR-ul poate reprezenta solu\u021bia \u00een aceast\u0103 \u021bar\u0103: nu c\u0103de\u021bi prad\u0103 vorbelor goale sau speran\u021belor de\u0219arte. Niciodat\u0103 o for\u021b\u0103 politic\u0103 anti-european\u0103 nu va putea garanta pacea, securitatea \u0219i prosperitatea acestei \u021b\u0103ri.\u00a0<\/p>\n<p>Am avut un exemplu \u00een 1938-1940, c\u00e2nd o \u021bar\u0103 f\u0103r\u0103 garan\u021bii de securitate, \u00een 3 luni de zile, a pierdut o treime din teritoriu.\u00a0<\/p>\n<p>Ast\u0103zi avem cele mai mari garan\u021bii de securitate posibile \u2013 UE, NATO \u0219i avem un om capabil s\u0103 \u021bin\u0103 \u00een picioare, \u00een aceast\u0103 \u021bar\u0103, acest proiect european \u0219i euroatlantic \u2013 Nicolae Ciuc\u0103, viitorul pre\u0219edinte al Rom\u00e2niei\u201d, a spus Emil Boc \u00een cadrul evenimentului.<\/p>","protected":false},"excerpt":{"rendered":"<p>\u00cen discursul s\u0103u, primarul Clujului a f\u0103cut apel la unitatea dreptei rom\u00e2ne\u0219ti \u0219i a subliniat&hellip;<\/p>\n","protected":false},"author":0,"featured_media":8035,"comment_status":"open","ping_status":"open","sticky":false,"template":"","format":"standard","meta":{"footnotes":""},"categories":[2],"tags":[],"class_list":["post-8038","post","type-post","status-publish","format-standard","has-post-thumbnail","hentry","category-actual"],"_links":{"self":[{"href":"https:\/\/247stiri.ro\/index.php\/wp-json\/wp\/v2\/posts\/8038","targetHints":{"allow":["GET"]}}],"collection":[{"href":"https:\/\/247stiri.ro\/index.php\/wp-json\/wp\/v2\/posts"}],"about":[{"href":"https:\/\/247stiri.ro\/index.php\/wp-json\/wp\/v2\/types\/post"}],"replies":[{"embeddable":true,"href":"https:\/\/247stiri.ro\/index.php\/wp-json\/wp\/v2\/comments?post=8038"}],"version-history":[{"count":0,"href":"https:\/\/247stiri.ro\/index.php\/wp-json\/wp\/v2\/posts\/8038\/revisions"}],"wp:featuredmedia":[{"embeddable":true,"href":"https:\/\/247stiri.ro\/index.php\/wp-json\/wp\/v2\/media\/8035"}],"wp:attachment":[{"href":"https:\/\/247stiri.ro\/index.php\/wp-json\/wp\/v2\/media?parent=8038"}],"wp:term":[{"taxonomy":"category","embeddable":true,"href":"https:\/\/247stiri.ro\/index.php\/wp-json\/wp\/v2\/categories?post=8038"},{"taxonomy":"post_tag","embeddable":true,"href":"https:\/\/247stiri.ro\/index.php\/wp-json\/wp\/v2\/tags?post=8038"}],"curies":[{"name":"wp","href":"https:\/\/api.w.org\/{rel}","templated":true}]}}