{"id":8062,"date":"2024-11-17T15:44:48","date_gmt":"2024-11-17T15:44:48","guid":{"rendered":"https:\/\/247stiri.ro\/index.php\/2024\/11\/17\/george-simion-prezinta-in-premiera-apartamentul-de-50-de-metri-patrati-in-care-locuieste-alaturi-de-sotia-sa-si-fiul-sau-mesajul-transmis-de-liderul-aur\/"},"modified":"2024-11-17T15:44:48","modified_gmt":"2024-11-17T15:44:48","slug":"george-simion-prezinta-in-premiera-apartamentul-de-50-de-metri-patrati-in-care-locuieste-alaturi-de-sotia-sa-si-fiul-sau-mesajul-transmis-de-liderul-aur","status":"publish","type":"post","link":"https:\/\/247stiri.ro\/index.php\/2024\/11\/17\/george-simion-prezinta-in-premiera-apartamentul-de-50-de-metri-patrati-in-care-locuieste-alaturi-de-sotia-sa-si-fiul-sau-mesajul-transmis-de-liderul-aur\/","title":{"rendered":"George Simion prezint\u0103, \u00een premier\u0103, apartamentul de 50 de metri p\u0103tra\u021bi \u00een care locuie\u0219te al\u0103turi de so\u021bia sa \u0219i fiul s\u0103u. Mesajul transmis de liderul AUR"},"content":{"rendered":"<p>George Simion: St\u0103m cam \u00een 50 de metri p\u0103tra\u021bi \u0219i nu o s\u0103 avem loc \u0219i pentru un al doilea bebe.<\/p>\n<p>Chiar dac\u0103 are 6 luni m\u0103 recunoa\u0219te. M-a impresionat acum dou\u0103 zile, eram la un post de televiziune \u0219i a venit l\u00e2ng\u0103 televizor \u0219i m\u00e2ng\u00e2ia televizorul.<\/p>\n<p>\u00cencerc s\u0103 fiu c\u00e2t mai prezent l\u00e2ng\u0103 el. Acum am ajuns acas\u0103 \u0219i cred c\u0103 s-a trezit \u0219i R\u0103ducu. Iubito, dac\u0103 po\u021bi s\u0103 \u00eel aduci.<\/p>\n\n<p>Ce faci iubirea mea? Ce face tata? Acum s-a trezit iubitul meu?&#8230;.<\/p>\n<p>O zi \u00een care muncesc de diminea\u021ba p\u00e2n\u0103 seara \u0219i \u00eemi ies lucrurile, tot ce \u00eemi propun \u00een ziua aia, cu c\u00e2t mai mult cu at\u00e2t mai bine, se \u00eendeplinesc.<\/p>\n<p>Versurile mele preferate nu le \u00een\u021belege acum, cred c\u0103 mai degrab\u0103 e &lt;&lt;oac oac, diridirida&gt;&gt;. Dar versurile mele preferate sunt scrise de un poet basarabean.<\/p>\n<p>Reporter: Ce v\u0103 inspir\u0103 cel mai tare \u00een prezent?<\/p>\n<p>George Simion: \u0102sta micul, \u0103sta micul \u0219i viitorul tuturor copiilor din Rom\u00e2nia.<\/p>\n<p>L-am dus la \u00eennot \u0219i a pl\u00e2ns prima \u0219edin\u021b\u0103 dar mai merge odat\u0103 \u0219i o s\u0103 \u00ee\u021bi plac\u0103.\u00a0<\/p>","protected":false},"excerpt":{"rendered":"<p>George Simion: St\u0103m cam \u00een 50 de metri p\u0103tra\u021bi \u0219i nu o s\u0103 avem loc&hellip;<\/p>\n","protected":false},"author":0,"featured_media":8063,"comment_status":"open","ping_status":"open","sticky":false,"template":"","format":"standard","meta":{"footnotes":""},"categories":[3],"tags":[],"class_list":["post-8062","post","type-post","status-publish","format-standard","has-post-thumbnail","hentry","category-politica"],"_links":{"self":[{"href":"https:\/\/247stiri.ro\/index.php\/wp-json\/wp\/v2\/posts\/8062","targetHints":{"allow":["GET"]}}],"collection":[{"href":"https:\/\/247stiri.ro\/index.php\/wp-json\/wp\/v2\/posts"}],"about":[{"href":"https:\/\/247stiri.ro\/index.php\/wp-json\/wp\/v2\/types\/post"}],"replies":[{"embeddable":true,"href":"https:\/\/247stiri.ro\/index.php\/wp-json\/wp\/v2\/comments?post=8062"}],"version-history":[{"count":0,"href":"https:\/\/247stiri.ro\/index.php\/wp-json\/wp\/v2\/posts\/8062\/revisions"}],"wp:featuredmedia":[{"embeddable":true,"href":"https:\/\/247stiri.ro\/index.php\/wp-json\/wp\/v2\/media\/8063"}],"wp:attachment":[{"href":"https:\/\/247stiri.ro\/index.php\/wp-json\/wp\/v2\/media?parent=8062"}],"wp:term":[{"taxonomy":"category","embeddable":true,"href":"https:\/\/247stiri.ro\/index.php\/wp-json\/wp\/v2\/categories?post=8062"},{"taxonomy":"post_tag","embeddable":true,"href":"https:\/\/247stiri.ro\/index.php\/wp-json\/wp\/v2\/tags?post=8062"}],"curies":[{"name":"wp","href":"https:\/\/api.w.org\/{rel}","templated":true}]}}