{"id":8070,"date":"2024-11-17T16:44:48","date_gmt":"2024-11-17T16:44:48","guid":{"rendered":"https:\/\/247stiri.ro\/index.php\/2024\/11\/17\/alerta-in-dolj-un-copil-de-8-ani-a-fost-dat-disparut-dupa-ce-a-fugit-din-fata-unui-centru-de-plasament\/"},"modified":"2024-11-17T16:44:48","modified_gmt":"2024-11-17T16:44:48","slug":"alerta-in-dolj-un-copil-de-8-ani-a-fost-dat-disparut-dupa-ce-a-fugit-din-fata-unui-centru-de-plasament","status":"publish","type":"post","link":"https:\/\/247stiri.ro\/index.php\/2024\/11\/17\/alerta-in-dolj-un-copil-de-8-ani-a-fost-dat-disparut-dupa-ce-a-fugit-din-fata-unui-centru-de-plasament\/","title":{"rendered":"Alert\u0103 \u00een Dolj! Un copil de 8 ani a fost dat disp\u0103rut dup\u0103 ce a fugit din fa\u0163a unui centru de plasament"},"content":{"rendered":"<p>Potrivit datelor f\u0103cute publice de oficialii Poli\u0163iei jude\u0163ului Dolj, dispari\u0163ia b\u0103iatului a fost anun\u0163at\u0103 duminic\u0103, la orele 16.50. O femeie de 53 de ani, instructor de educa\u0163ie, a anun\u0163at la Sec\u0163ia 5 Poli\u0163ie Craiova c\u0103, \u00a0minorul \u00a0Popa George-Silviu, \u00een v\u00e2rst\u0103 de 8 ani, a fugit din fa\u0163a centrului \u00een care este \u00a0institu\u0163ionalizat, plec\u00e2nd \u00eentr-o direc\u0163ie necunoscut\u0103. \u00a0<\/p>\n\n<p>\u201eDe \u00eendat\u0103, \u00een zon\u0103 au fost direc\u0163ionate mai multe echipaje de poli\u0163ie, fiind desf\u0103\u015furate activit\u0103\u0163i de c\u0103utare, \u00een vederea g\u0103sirii minorului\u201d, anun\u0163\u0103 Poli\u0163ia care face apel la cei care \u00eel v\u0103d pe b\u0103iat s\u0103 anun\u0163e autorit\u0103\u0163ile la 112 sau s\u0103 anun\u0163e cea mai apropiat\u0103 unitate de poli\u0163ie.<\/p>\n<p><a href=\"https:\/\/www.realitatea.net\/stiri\/actual\/alerta-de-copil-disparut-in-gorj-un-baiat-de-12-ani-este-cautat-cu-mijloace-de-observatie-cu-infrarosii-si-drone-cu-termoviziune_6738fe5fce780c774e076142\" target=\"_blank\">Alert\u0103 de copil disp\u0103rut \u00een Gorj! Un b\u0103iat de 12 ani este c\u0103utat cu mijloace de observa\u0163ie cu infraro\u015fii \u015fi drone cu termoviziune<\/a><\/p>\n<p>B\u0103iatul are \u00een\u0103l\u0163imea 1,40 metri, greutate 35 de kilograme, p\u0103rul negru, scurt, \u00a0ochi c\u0103prui, fa\u0163a oval\u0103, ten m\u0103sliniu. \u00a0La momentul plec\u0103rii era \u00eembr\u0103cat cu o geac\u0103 de culoare albastru, pantaloni bej, iar \u00een picioare purta pantofi sport negri.<\/p>","protected":false},"excerpt":{"rendered":"<p>Potrivit datelor f\u0103cute publice de oficialii Poli\u0163iei jude\u0163ului Dolj, dispari\u0163ia b\u0103iatului a fost anun\u0163at\u0103 duminic\u0103,&hellip;<\/p>\n","protected":false},"author":0,"featured_media":8071,"comment_status":"open","ping_status":"open","sticky":false,"template":"","format":"standard","meta":{"footnotes":""},"categories":[2],"tags":[],"class_list":["post-8070","post","type-post","status-publish","format-standard","has-post-thumbnail","hentry","category-actual"],"_links":{"self":[{"href":"https:\/\/247stiri.ro\/index.php\/wp-json\/wp\/v2\/posts\/8070","targetHints":{"allow":["GET"]}}],"collection":[{"href":"https:\/\/247stiri.ro\/index.php\/wp-json\/wp\/v2\/posts"}],"about":[{"href":"https:\/\/247stiri.ro\/index.php\/wp-json\/wp\/v2\/types\/post"}],"replies":[{"embeddable":true,"href":"https:\/\/247stiri.ro\/index.php\/wp-json\/wp\/v2\/comments?post=8070"}],"version-history":[{"count":0,"href":"https:\/\/247stiri.ro\/index.php\/wp-json\/wp\/v2\/posts\/8070\/revisions"}],"wp:featuredmedia":[{"embeddable":true,"href":"https:\/\/247stiri.ro\/index.php\/wp-json\/wp\/v2\/media\/8071"}],"wp:attachment":[{"href":"https:\/\/247stiri.ro\/index.php\/wp-json\/wp\/v2\/media?parent=8070"}],"wp:term":[{"taxonomy":"category","embeddable":true,"href":"https:\/\/247stiri.ro\/index.php\/wp-json\/wp\/v2\/categories?post=8070"},{"taxonomy":"post_tag","embeddable":true,"href":"https:\/\/247stiri.ro\/index.php\/wp-json\/wp\/v2\/tags?post=8070"}],"curies":[{"name":"wp","href":"https:\/\/api.w.org\/{rel}","templated":true}]}}