{"id":8072,"date":"2024-11-17T16:44:48","date_gmt":"2024-11-17T16:44:48","guid":{"rendered":"https:\/\/247stiri.ro\/index.php\/2024\/11\/17\/ministrul-sanatatii-despre-decesul-adolescentului-de-16-ani-la-spital-targu-jiu-goana-dupa-situatii-ce-te-impiedica-sa-actionezi-un-reflex-al-lipsei-de-empatie-fata-de-pacienti\/"},"modified":"2024-11-17T16:44:48","modified_gmt":"2024-11-17T16:44:48","slug":"ministrul-sanatatii-despre-decesul-adolescentului-de-16-ani-la-spital-targu-jiu-goana-dupa-situatii-ce-te-impiedica-sa-actionezi-un-reflex-al-lipsei-de-empatie-fata-de-pacienti","status":"publish","type":"post","link":"https:\/\/247stiri.ro\/index.php\/2024\/11\/17\/ministrul-sanatatii-despre-decesul-adolescentului-de-16-ani-la-spital-targu-jiu-goana-dupa-situatii-ce-te-impiedica-sa-actionezi-un-reflex-al-lipsei-de-empatie-fata-de-pacienti\/","title":{"rendered":"Ministrul S\u0103n\u0103t\u0103\u021bii, despre decesul adolescentului de 16 ani, la Spital T\u00e2rgu Jiu: Goana dup\u0103 situa\u0163ii ce te \u00eempiedic\u0103 s\u0103 ac\u0163ionezi, un reflex al lipsei de empatie fa\u021b\u0103 de pacien\u021bi"},"content":{"rendered":"<p>&#8222;Nu putem s\u0103 influen\u0163\u0103m comportamentele individuale ale medicilor sau ale altor persoane care lucreaz\u0103 \u00een sistemul de s\u0103n\u0103tate. Aceasta goan\u0103 dup\u0103 c\u0103utarea \u00een cadru legal a situa\u0163iilor care te \u00eempiedic\u0103 s\u0103 faci ceva nu cred c\u0103 este altceva dec\u00e2t un reflex al lipsei de empatie fa\u0163\u0103 de pacien\u0163i \u015fi (&#8230;) totu\u015fi, noi avem menirea, nu doar cuno\u015ftin\u0163ele, ci \u015fi menirea s\u0103 \u00eengrijim oamenii \u015fi lucrul \u0103sta trebuie s\u0103 \u00eel \u00een\u0163eleag\u0103 toat\u0103 lumea&#8221;, a afirmat Rafila duminic\u0103, \u00eentr-o conferin\u0163\u0103 de pres\u0103 prilejuit\u0103 de concursul de intrare \u00een reziden\u0163iat, \u00eentrebat de jurnali\u015fti pe tema decesului unui adolescent la Spitalul Jude\u0163ean de Urgen\u0163\u0103 T\u00e2rgu Jiu.El a punctat c\u0103 mai este mult de lucrat la acest capitol, c\u0103 poate \u015fi legislativ trebuie f\u0103cute \u00eembun\u0103t\u0103\u0163iri, iar Colegiul Medicilor din Rom\u00e2nia \u015fi Ordinul Asisten\u0163ilor Medicali ar trebui s\u0103 fac\u0103 demersuri pentru educarea cadrelor medicale, pentru c\u0103 nep\u0103sarea poate duce la pierderea de vie\u0163i.Potrivit ministrului S\u0103n\u0103t\u0103\u0163ii, exist\u0103 legisla\u0163ie \u015fi proceduri care trebuie implementate de fiecare unitate sanitar\u0103.<\/p>\n<p><a href=\"https:\/\/www.realitatea.net\/stiri\/actual\/val-de-anchete-dupa-moartea-adolescentului-de-16-ani-la-cateva-ore-dupa-internarea-in-spitallul-din-targu-jiu_673441193638a77c78629842\" target=\"_blank\">Val de anchete dup\u0103 MOARTEA adolescentului de 16 ani, la c\u00e2teva ore dup\u0103 internarea \u00een spitalul din T\u00e2rgu Jiu: t\u00e2n\u0103rul, l\u0103sat s\u0103 moar\u0103 cu zile?<\/a><\/p>\n<p>&#8222;Nu cred c\u0103 exist\u0103 motiva\u0163ii legale sau morale atunci c\u00e2nd discut\u0103m despre salvarea vie\u0163ii unui copil. Nu exist\u0103. Nici legale, nici morale. Legisla\u0163ia este acoperitoare \u015fi ca s\u0103 o \u00eent\u0103rim, dac\u0103 vre\u0163i, a ap\u0103rut aceast\u0103 ordonan\u0163\u0103 de urgen\u0163\u0103 care are dou\u0103 componente &#8211; una se refer\u0103 la continuarea tratamentului celor care sunt copii \u015fi devin adul\u0163i, deci, dup\u0103 v\u00e2rsta de 18 ani, mai ales cei care au boli cronice, boli oncologice, s\u0103 poat\u0103 s\u0103 fac\u0103 tratament \u00een acela\u015fi tip de unitate sanitar\u0103 cu medicii care deja \u00eei cunosc, iar cealalt\u0103 se refer\u0103 la \u00eent\u0103rirea, dac\u0103 vre\u0163i, a acestei preciz\u0103ri c\u0103 atunci c\u00e2nd exist\u0103 o situa\u0163ie amenin\u0163\u0103toare, de moarte, asisten\u0163a medical\u0103 obligatoriu trebuie acordat\u0103 f\u0103r\u0103 niciun fel de ezitare&#8221;, a spus ministrul S\u0103n\u0103t\u0103\u0163ii.<\/p>\n<p><a href=\"https:\/\/www.realitatea.net\/stiri\/actual\/medicul-de-garda-de-ka-spitalul-din-targu-jiu-rupe-tacerea-dupa-decesul-adolescentului-de-16-ani-lista-cu-nu-avem-devine-ingrijorator-de-lunga_67347f2f45fabb16c2198e62\" target=\"_blank\">Medicul de gard\u0103 de la Spitalul din T\u00e2rgu Jiu rupe t\u0103cerea dup\u0103 decesul adolescentului de 16 ani: Lista cu \u201eNU AVEM\u201d devine \u00eengrijor\u0103tor de lung\u0103<\/a><\/p>\n<p>\u00cen ceea ce prive\u015fte un conflict \u00eentre anestezi\u015fti \u015fi chirurgi la Spitalul Jude\u0163ean de Urgen\u0163\u0103 T\u00e2rgu Jiu, el a punctat c\u0103 a dat colegilor s\u0103i de la mai multe departamente s\u0103 studieze acest aspect.&#8221;Cred c\u0103 este o problem\u0103 care trebuie s\u0103 fie \u00een aten\u0163ia managerilor nu numai a acestui spital, \u00een general \u00een orice spital. Lucrul \u00een echip\u0103 \u015fi coeziunea personalului medical sunt o condi\u0163ie a prest\u0103rii unui serviciu medical de bun\u0103 calitate&#8221;, a afirmat ministrul Rafila.\u00cen opina sa, poate fi organizat\u0103 o formare continu\u0103 a medicilor din sistem pe tema comunic\u0103rii cu pacien\u0163ii.<\/p>\n<p><a href=\"https:\/\/www.realitatea.net\/stiri\/actual\/49-de-copii-cu-varste-peste-sapte-ani-operati-de-chirurgi-fara-specializare-in-pediatrie-la-spitalul-din-targu-jiu-zielele-trecute-un-adolescent-de-16-ani-a-murit-la-cateva-ore-dupa-internare_6739074b2665cd4da93a43b2#google_vignette\" target=\"_blank\">49 de copii cu v\u00e2rste peste \u015fapte ani, opera\u021bi de chirurgi F\u0102R\u0102 specializare \u00een pediatrie, la Spitalul din T\u00e2rgu Jiu. Recent, un adolescent de 16 ani a MURIT la c\u00e2teva ore dup\u0103 internare<\/a><\/p>\n<p>&#8222;Putem discuta cu universit\u0103\u0163ile \u015fi mai ales cu societ\u0103\u0163ile profesionale s\u0103 fac\u0103 astfel de programe de educa\u0163ie medical\u0103 continu\u0103 (&#8230;), sanc\u0163iunile nu \u015ftiu ce efecte au, cred totu\u015fi \u00een schimbarea mentalit\u0103\u0163ii, \u00een educa\u0163ie. Este un proces \u015fi, repet, comportamentele individuale ale multora nu sunt neap\u0103rat influen\u0163ate de cadrul legal&#8221;, a ad\u0103ugat Alexandru Rafila.Un medic chirurg \u015fi un medic de la Unitatea de Primiri Urgen\u0163e din cadrul Spitalului Jude\u0163ean T\u00e2rgu Jiu au fost <a href=\"https:\/\/www.realitatea.net\/stiri\/actual\/medicul-sanctionat-pentru-ca-nu-a-intervenit-in-cazul-copilului-mort-in-spitalul-din-targu-jiu-nu-a-semnat-procesulverbal-e-posibil-sa-conteste-amenda_6735de8cbc29d048373235ec\" target=\"_blank\">amenda\u0163i<\/a> de c\u0103tre Direc\u0163ia de S\u0103n\u0103tate Public\u0103 Gorj cu c\u00e2te 3.000 de lei, \u00een urma decesului, \u00een unitatea sanitar\u0103, a unui b\u0103iat de 16 ani din comuna Scoar\u0163a.Poli\u0163i\u015ftii au \u00eentocmit dosar penal pentru ucidere din culp\u0103 dup\u0103 decesul b\u0103iatului.\u00a0<\/p>","protected":false},"excerpt":{"rendered":"<p>&#8222;Nu putem s\u0103 influen\u0163\u0103m comportamentele individuale ale medicilor sau ale altor persoane care lucreaz\u0103 \u00een&hellip;<\/p>\n","protected":false},"author":0,"featured_media":8073,"comment_status":"open","ping_status":"open","sticky":false,"template":"","format":"standard","meta":{"footnotes":""},"categories":[2],"tags":[],"class_list":["post-8072","post","type-post","status-publish","format-standard","has-post-thumbnail","hentry","category-actual"],"_links":{"self":[{"href":"https:\/\/247stiri.ro\/index.php\/wp-json\/wp\/v2\/posts\/8072","targetHints":{"allow":["GET"]}}],"collection":[{"href":"https:\/\/247stiri.ro\/index.php\/wp-json\/wp\/v2\/posts"}],"about":[{"href":"https:\/\/247stiri.ro\/index.php\/wp-json\/wp\/v2\/types\/post"}],"replies":[{"embeddable":true,"href":"https:\/\/247stiri.ro\/index.php\/wp-json\/wp\/v2\/comments?post=8072"}],"version-history":[{"count":0,"href":"https:\/\/247stiri.ro\/index.php\/wp-json\/wp\/v2\/posts\/8072\/revisions"}],"wp:featuredmedia":[{"embeddable":true,"href":"https:\/\/247stiri.ro\/index.php\/wp-json\/wp\/v2\/media\/8073"}],"wp:attachment":[{"href":"https:\/\/247stiri.ro\/index.php\/wp-json\/wp\/v2\/media?parent=8072"}],"wp:term":[{"taxonomy":"category","embeddable":true,"href":"https:\/\/247stiri.ro\/index.php\/wp-json\/wp\/v2\/categories?post=8072"},{"taxonomy":"post_tag","embeddable":true,"href":"https:\/\/247stiri.ro\/index.php\/wp-json\/wp\/v2\/tags?post=8072"}],"curies":[{"name":"wp","href":"https:\/\/api.w.org\/{rel}","templated":true}]}}