{"id":8078,"date":"2024-11-17T17:47:54","date_gmt":"2024-11-17T17:47:54","guid":{"rendered":"https:\/\/247stiri.ro\/index.php\/2024\/11\/17\/tanarul-de-18-ani-care-a-injunghiat-mortal-un-elev-intr-o-pensiune-din-suceava-arestat-sub-acuzatia-de-omor\/"},"modified":"2024-11-17T17:47:54","modified_gmt":"2024-11-17T17:47:54","slug":"tanarul-de-18-ani-care-a-injunghiat-mortal-un-elev-intr-o-pensiune-din-suceava-arestat-sub-acuzatia-de-omor","status":"publish","type":"post","link":"https:\/\/247stiri.ro\/index.php\/2024\/11\/17\/tanarul-de-18-ani-care-a-injunghiat-mortal-un-elev-intr-o-pensiune-din-suceava-arestat-sub-acuzatia-de-omor\/","title":{"rendered":"T\u00e2n\u0103rul de 18 ani care a \u00eenjunghiat MORTAL un elev \u00eentr-o pensiune din Suceava, ARESTAT sub acuza\u0163ia de omor"},"content":{"rendered":"<p>Tribunalul Suceava a emis, duminic\u0103 dup\u0103 amiaz\u0103, mandat de arestare preventiv\u0103 pe numele t\u00e2n\u0103rului de 18 ani care a \u00eenjunghiat mortal un b\u0103iat de v\u00e2rsta sa, la o petrecere de majorat.<\/p>\n<p>\u201eAdmite propunerea formulat\u0103 de Parchetul de pe l\u00e2ng\u0103 Tribunalul Suceava \u00een dosarul nr. 366\/135\/P\/2024 privind luarea m\u0103surii arest\u0103rii preventive fa\u0163\u0103 de inculpatul Valasciuc Alexandru Andrei zis \u201dM\u00e2nu\u0163\u0103\u201d. Dispune arestarea preventiv\u0103 pentru o durat\u0103 de 30 de zile, \u00eencep\u00e2nd cu data de 17.11.2024 \u015fi p\u00e2n\u0103 la data de 16.12.2024 inclusiv a inculpatului Valasciuc Alexandru Andrei zis \u201dM\u00e2nu\u0163\u0103\u201d, \u00een prezent re\u0163inut \u00een Centrul de Re\u0163inere \u015fi Arestare preventiv\u0103 din cadrul I.P.J. Boto\u015fani, cercetat pentru s\u0103v\u00e2r\u015firea infrac\u0163iunii de omor\u201d, este decizia Tribunalului Suceava.\u00a0Solu\u0163ia nu este definitiv\u0103.\u00a0La \u015fedin\u0163a de judecat\u0103 care a avut loc duminic\u0103 t\u00e2n\u0103rul a solicitat, prin intermediul avocatului, luarea \u00a0m\u0103surii preventive a arestului la domiciliu, solicitarea sa fiind respins\u0103.\u00a0Agresorul este din localitatea Solca, iar t\u00e2n\u0103rul agresat era elev la un liceu din R\u0103d\u0103u\u0163i iar familia sa este din Mili\u015f\u0103u\u0163i, scriu jurnali\u015ftii de la informatiata.ro. Cei doi s-au luat la ceart\u0103 \u00een timpul unei petreceri de majorat, din cauza unor glume, iar agresorul a luat un cu\u0163it de pe mas\u0103 \u015fi l-a \u00eenfipt \u00een pieptul celui cu care se certa, t\u00e2n\u0103rul murind la spital.\u00a0Petrecerea avea loc \u00eentr-o pensiune situat\u0103 \u00een apropierea ora\u015fului Siret.\u00a0\u00a0Jurnali\u015ftii locali noteaz\u0103 de asemenea c\u0103 s\u0103rb\u0103toritul la petrecerea c\u0103ruia s-a produs incidentul este un t\u00e2n\u0103r din R\u0103d\u0103u\u0163i, cercetat \u00een trecut pentru trafic de droguri.<\/p>","protected":false},"excerpt":{"rendered":"<p>Tribunalul Suceava a emis, duminic\u0103 dup\u0103 amiaz\u0103, mandat de arestare preventiv\u0103 pe numele t\u00e2n\u0103rului de&hellip;<\/p>\n","protected":false},"author":0,"featured_media":8079,"comment_status":"open","ping_status":"open","sticky":false,"template":"","format":"standard","meta":{"footnotes":""},"categories":[2],"tags":[],"class_list":["post-8078","post","type-post","status-publish","format-standard","has-post-thumbnail","hentry","category-actual"],"_links":{"self":[{"href":"https:\/\/247stiri.ro\/index.php\/wp-json\/wp\/v2\/posts\/8078","targetHints":{"allow":["GET"]}}],"collection":[{"href":"https:\/\/247stiri.ro\/index.php\/wp-json\/wp\/v2\/posts"}],"about":[{"href":"https:\/\/247stiri.ro\/index.php\/wp-json\/wp\/v2\/types\/post"}],"replies":[{"embeddable":true,"href":"https:\/\/247stiri.ro\/index.php\/wp-json\/wp\/v2\/comments?post=8078"}],"version-history":[{"count":0,"href":"https:\/\/247stiri.ro\/index.php\/wp-json\/wp\/v2\/posts\/8078\/revisions"}],"wp:featuredmedia":[{"embeddable":true,"href":"https:\/\/247stiri.ro\/index.php\/wp-json\/wp\/v2\/media\/8079"}],"wp:attachment":[{"href":"https:\/\/247stiri.ro\/index.php\/wp-json\/wp\/v2\/media?parent=8078"}],"wp:term":[{"taxonomy":"category","embeddable":true,"href":"https:\/\/247stiri.ro\/index.php\/wp-json\/wp\/v2\/categories?post=8078"},{"taxonomy":"post_tag","embeddable":true,"href":"https:\/\/247stiri.ro\/index.php\/wp-json\/wp\/v2\/tags?post=8078"}],"curies":[{"name":"wp","href":"https:\/\/api.w.org\/{rel}","templated":true}]}}