{"id":8086,"date":"2024-11-17T18:45:30","date_gmt":"2024-11-17T18:45:30","guid":{"rendered":"https:\/\/247stiri.ro\/index.php\/2024\/11\/17\/mobilizare-exemplara-la-regionala-pnl-de-la-cluj-liberalii-strang-randurile-in-jurul-lui-nicolae-ciuca-si-impotriva-binomului-psd-aur\/"},"modified":"2024-11-17T18:45:30","modified_gmt":"2024-11-17T18:45:30","slug":"mobilizare-exemplara-la-regionala-pnl-de-la-cluj-liberalii-strang-randurile-in-jurul-lui-nicolae-ciuca-si-impotriva-binomului-psd-aur","status":"publish","type":"post","link":"https:\/\/247stiri.ro\/index.php\/2024\/11\/17\/mobilizare-exemplara-la-regionala-pnl-de-la-cluj-liberalii-strang-randurile-in-jurul-lui-nicolae-ciuca-si-impotriva-binomului-psd-aur\/","title":{"rendered":"Mobilizare exemplar\u0103 la regionala PNL de la Cluj. Liberalii str\u00e2ng r\u00e2ndurile \u00een jurul lui Nicolae Ciuc\u0103 \u0219i \u00eempotriva binomului PSD-AUR"},"content":{"rendered":"<p>Pre\u0219edintele PNL \u0219i candidatul liberal la Pre\u0219edin\u021bie a sus\u021binut necesitatea unei guvern\u0103ri liberale, \u201dpentru a stabiliza economia \u0219i pentru a pune \u021bara pe calea dezvolt\u0103rii accelerate\u201d. Vorbind despre binomul PSD-AUR, Nicolae Ciuc\u0103 a ar\u0103tat c\u0103 George Simion nu-l va \u00eempiedica pe Marcel Ciolacu s\u0103 fac\u0103 praf economia.<\/p>\n<p>\u201dGeorge Simion este o \u021beap\u0103 la fel de mare ca cea de la Nordis. Nu ar trebui s\u0103 ne mire: \u0219i Simion, \u0219i Nordis au \u00een spate PSD\u201d, a declarat pre\u0219edintele PNL. De asemenea, acesta a ar\u0103tat c\u0103 PSD este un partid \u00een buzunarul mafiei imobiliare \u0219i c\u0103 Rom\u00e2nia vrea mai mult dec\u00e2t s\u0103 aleag\u0103 \u00eentre extremi\u0219ti \u0219i na\u0219ii lor politici.<\/p>\n<p>Despre toxicitatea binomului PSD-AUR au vorbit liderii centrali \u0219i locali ai PNL. Prim-vicepre\u0219edintele PNL Rare\u0219 Bogdan a subliniat toxicitatea planurilor PSD-AUR, g\u00e2ndite de Viorel Hrebenciuc. \u201dEste un individ \u00een spatele binomului toxic, PSD \u2013 AUR. Acela\u0219i socialist de 25 de ani. Opri\u021bi-l pe Hrebenciuc!\u201d, a tunat de la tribun\u0103 Rare\u0219 Bogdan.<\/p>\n<p>De asemenea, liderii PNL au men\u021bionat importan\u021ba unific\u0103rii electoratului de dreapta \u0219i necesitatea unui vot util pentru candidatul liberal. \u201dDac\u0103 nu se va face o \u00een\u021belegere pentru preziden\u021biale, v\u0103 rog s\u0103 vota\u021bi ra\u021bional \u0219i util \u2013 Nicolae Ciuc\u0103 pre\u0219edinte\u201d, a declarat Ilie Bolojan, care a ar\u0103tat, \u00eenc\u0103 o dat\u0103, c\u0103 \u00eel sprijin\u0103 pe candidatul PNL la Pre\u0219edin\u021bia Rom\u00e2niei.<\/p>\n<p>Necesitatea promov\u0103rii politicilor \u0219i valorilor liberale a fost o alt\u0103 linie de mesaj sus\u021binut\u0103 de vorbitorii la eveniment. O sintez\u0103 a acestor mesaje a fost f\u0103cut\u0103 de primarul municipiului Cluj-Napoca \u0219i gazda evenimentului, Emil Boc.<\/p>\n<p>\u201dDac\u0103 vre\u021bi s\u0103 avem \u00een continuare cot\u0103 unic\u0103, dac\u0103 dori\u021bi s\u0103 avem cele mai mici taxe posibile \u00een Rom\u00e2nia, avem o singur\u0103 solu\u021bie: Partidul Na\u021bional Liberal \u0219i Nicolae Ciuc\u0103 pre\u0219edintele Rom\u00e2niei\u201d, a declarat Emil Boc.<\/p>\n<p>La \u00eent\u00e2lnirea regional\u0103 a PNL au luat parte mai bine de 8 mii de participan\u021bi, iar printre cei care au luat cuv\u00e2ntul s-au mai num\u0103rat: Lucian Bode, secretarul general al PNL, Robert Sighiart\u0103u, vicepre\u0219edintele PNL, Florin Roman, vicepre\u0219edintele PNL, Daniel Buda, pre\u0219edintele PNL Cluj, Alin Ti\u015fe, pre\u0219edintele Consiliului Jude\u021bean Cluj, Adrian Cozma, pre\u0219edintele PNL Satu Mare, Ionel Bogdan, pre\u0219edintele PNL \u00a0Maramure\u0219, Ciprian Dobre, pre\u0219edintele PNL Mure\u015f, Raluca Turcan, pre\u0219edintele PNL Sibiu, Ioan Turc, pre\u0219edintele PNL Bistri\u021ba-N\u0103s\u0103ud, Dinu Iancu S\u0103l\u0103janu, pre\u0219edintele Consiliului Jude\u021bean S\u0103laj.<\/p>\n<p>CMF31240003<\/p>","protected":false},"excerpt":{"rendered":"<p>Pre\u0219edintele PNL \u0219i candidatul liberal la Pre\u0219edin\u021bie a sus\u021binut necesitatea unei guvern\u0103ri liberale, \u201dpentru a&hellip;<\/p>\n","protected":false},"author":0,"featured_media":8087,"comment_status":"open","ping_status":"open","sticky":false,"template":"","format":"standard","meta":{"footnotes":""},"categories":[3],"tags":[],"class_list":["post-8086","post","type-post","status-publish","format-standard","has-post-thumbnail","hentry","category-politica"],"_links":{"self":[{"href":"https:\/\/247stiri.ro\/index.php\/wp-json\/wp\/v2\/posts\/8086","targetHints":{"allow":["GET"]}}],"collection":[{"href":"https:\/\/247stiri.ro\/index.php\/wp-json\/wp\/v2\/posts"}],"about":[{"href":"https:\/\/247stiri.ro\/index.php\/wp-json\/wp\/v2\/types\/post"}],"replies":[{"embeddable":true,"href":"https:\/\/247stiri.ro\/index.php\/wp-json\/wp\/v2\/comments?post=8086"}],"version-history":[{"count":0,"href":"https:\/\/247stiri.ro\/index.php\/wp-json\/wp\/v2\/posts\/8086\/revisions"}],"wp:featuredmedia":[{"embeddable":true,"href":"https:\/\/247stiri.ro\/index.php\/wp-json\/wp\/v2\/media\/8087"}],"wp:attachment":[{"href":"https:\/\/247stiri.ro\/index.php\/wp-json\/wp\/v2\/media?parent=8086"}],"wp:term":[{"taxonomy":"category","embeddable":true,"href":"https:\/\/247stiri.ro\/index.php\/wp-json\/wp\/v2\/categories?post=8086"},{"taxonomy":"post_tag","embeddable":true,"href":"https:\/\/247stiri.ro\/index.php\/wp-json\/wp\/v2\/tags?post=8086"}],"curies":[{"name":"wp","href":"https:\/\/api.w.org\/{rel}","templated":true}]}}