{"id":8092,"date":"2024-11-17T18:45:31","date_gmt":"2024-11-17T18:45:31","guid":{"rendered":"https:\/\/247stiri.ro\/index.php\/2024\/11\/17\/drone-lansate-de-rusia-in-timpul-atacului-asupra-ucrainei-au-ajuns-in-spatiul-aerian-al-republicii-moldova-imaginile-surprinse-de-chisinau\/"},"modified":"2024-11-17T18:45:31","modified_gmt":"2024-11-17T18:45:31","slug":"drone-lansate-de-rusia-in-timpul-atacului-asupra-ucrainei-au-ajuns-in-spatiul-aerian-al-republicii-moldova-imaginile-surprinse-de-chisinau","status":"publish","type":"post","link":"https:\/\/247stiri.ro\/index.php\/2024\/11\/17\/drone-lansate-de-rusia-in-timpul-atacului-asupra-ucrainei-au-ajuns-in-spatiul-aerian-al-republicii-moldova-imaginile-surprinse-de-chisinau\/","title":{"rendered":"Drone lansate de Rusia \u00een timpul atacului asupra Ucrainei au ajuns \u00een spa\u021biul aerian al Republicii Moldova. Imaginile surprinse de Chi\u0219in\u0103u"},"content":{"rendered":"<p>Potrivit publica\u021biei NewsMaker.md, imaginile publicate de ministrul moldovean al Afacerilor Externe au fost \u00eenregistrate duminic\u0103 diminea\u021b\u0103 \u00een satul Ruseni din raionul Edine\u021b, din nordul \u021b\u0103rii. Acestea au fost difuzate anterior \u0219i de publica\u021bia NordNews, care a men\u021bionat c\u0103 imaginile, care surprind sunetul \u0219i trecerea la joas\u0103 altitudine a rachetelor deasupra localit\u0103\u021bii, i-au fost trimise de c\u0103tre un localnic, potrivit HotNews.ro.<\/p>\n<p>We strongly condemn the violation of Moldova\u2019s airspace by Russia\u2019s missiles and drones targeting Ukraine\u2019s critical infrastructure today. Explosions near our border and sightings of low-flying drones over villages underscore the risks to our people from Russia\u2019s brutal war. <a href=\"https:\/\/t.co\/WFa4OX46cr\">pic.twitter.com\/WFa4OX46cr<\/a><\/p>\n<p>\u2014 Mihai Pop\u0219oi (@MihaiPopsoi) <a href=\"https:\/\/twitter.com\/MihaiPopsoi\/status\/1858160326161670598?ref_src=twsrc%5Etfw\">November 17, 2024<\/a><\/p>\n<p>Pe l\u00e2ng\u0103 imagini, ministrul Mihai Pop\u0219oi a scris c\u0103 \u201eexploziile din apropierea grani\u021bei noastre \u0219i observarea dronelor zbur\u00e2nd la joas\u0103 altitudine deasupra satelor subliniaz\u0103 riscurile la care sunt expu\u0219i cet\u0103\u021benii no\u0219tri din cauza r\u0103zboiului brutal al Rusiei\u201d.<\/p>\n<p>\u201eCondamn\u0103m cu fermitate \u00eenc\u0103lcarea spa\u021biului aerian al Moldovei de c\u0103tre rachetele \u0219i dronele Rusiei care vizau infrastructura critic\u0103 a Ucrainei ast\u0103zi\u201d, a ad\u0103ugat Pop\u0219oi.<\/p>\n<p>Rusia a lansat un atac combinat cu rachete \u015fi drone asupra \u00eentregii Ucraine, \u00een noaptea de s\u00e2mb\u0103t\u0103 spre duminic\u0103, un atac care a vizat infrastructura energetic\u0103 a \u0163\u0103rii \u0219i care a dus la \u00eentreruperi ale energiei electrice \u015fi apei \u00een mai multe regiuni.<\/p>","protected":false},"excerpt":{"rendered":"<p>Potrivit publica\u021biei NewsMaker.md, imaginile publicate de ministrul moldovean al Afacerilor Externe au fost \u00eenregistrate duminic\u0103&hellip;<\/p>\n","protected":false},"author":0,"featured_media":8085,"comment_status":"open","ping_status":"open","sticky":false,"template":"","format":"standard","meta":{"footnotes":""},"categories":[2],"tags":[],"class_list":["post-8092","post","type-post","status-publish","format-standard","has-post-thumbnail","hentry","category-actual"],"_links":{"self":[{"href":"https:\/\/247stiri.ro\/index.php\/wp-json\/wp\/v2\/posts\/8092","targetHints":{"allow":["GET"]}}],"collection":[{"href":"https:\/\/247stiri.ro\/index.php\/wp-json\/wp\/v2\/posts"}],"about":[{"href":"https:\/\/247stiri.ro\/index.php\/wp-json\/wp\/v2\/types\/post"}],"replies":[{"embeddable":true,"href":"https:\/\/247stiri.ro\/index.php\/wp-json\/wp\/v2\/comments?post=8092"}],"version-history":[{"count":0,"href":"https:\/\/247stiri.ro\/index.php\/wp-json\/wp\/v2\/posts\/8092\/revisions"}],"wp:featuredmedia":[{"embeddable":true,"href":"https:\/\/247stiri.ro\/index.php\/wp-json\/wp\/v2\/media\/8085"}],"wp:attachment":[{"href":"https:\/\/247stiri.ro\/index.php\/wp-json\/wp\/v2\/media?parent=8092"}],"wp:term":[{"taxonomy":"category","embeddable":true,"href":"https:\/\/247stiri.ro\/index.php\/wp-json\/wp\/v2\/categories?post=8092"},{"taxonomy":"post_tag","embeddable":true,"href":"https:\/\/247stiri.ro\/index.php\/wp-json\/wp\/v2\/tags?post=8092"}],"curies":[{"name":"wp","href":"https:\/\/api.w.org\/{rel}","templated":true}]}}