{"id":8132,"date":"2024-11-18T05:45:00","date_gmt":"2024-11-18T05:45:00","guid":{"rendered":"https:\/\/247stiri.ro\/index.php\/2024\/11\/18\/accident-vrancea-cine-erau-cei-doi-tineri-care-au-murit-carbonizati-masina-in-care-se-aflau-a-ars-ca-o-torta\/"},"modified":"2024-11-18T05:45:00","modified_gmt":"2024-11-18T05:45:00","slug":"accident-vrancea-cine-erau-cei-doi-tineri-care-au-murit-carbonizati-masina-in-care-se-aflau-a-ars-ca-o-torta","status":"publish","type":"post","link":"https:\/\/247stiri.ro\/index.php\/2024\/11\/18\/accident-vrancea-cine-erau-cei-doi-tineri-care-au-murit-carbonizati-masina-in-care-se-aflau-a-ars-ca-o-torta\/","title":{"rendered":"Accident Vrancea. Cine erau cei doi tineri care au murit carboniza\u021bi: ma\u0219ina \u00een care se aflau a ars ca o tor\u021b\u0103"},"content":{"rendered":"<p>Doi tineri de 17 \u0219i 21 de ani \u0219i-au g\u0103sit sf\u00e2r\u0219itul \u00eentr-un cumplit accident produs s\u00e2mb\u0103t\u0103, \u00een ora\u0219ul Panciu din jude\u021bul Vrancea. Din informa\u021biile existente, accidentul s-a produs dup\u0103 ce t\u00e2n\u0103rul aflat la volan a pierdut controlul volanului, a intrat pe contrasens \u0219i s-a izbit de un alt autoturism condus de o t\u00e2n\u0103r\u0103 de 21 de ani.<\/p>\n<p>\u00cen urma impactului, ma\u0219ina \u00een care se aflau t\u00e2n\u0103rul \u0219i pasagera din dreapta a luat foc, arz\u00e2nd ca o tor\u021b\u0103. Ambii tineri erau din satul M\u0103r\u0103\u0219ti, comuna R\u0103coasa, conform Ziarul de Vrancea.<\/p>\n<p>Ma\u0219ina \u00een care se aflau cei doi tineri s-a izbit de un alt autoturism \u00een care se aflau trei persoane. Dou\u0103 dintre ele sunt acum la spital.<\/p>\n<p>\u201eNe-au r\u0103mas doar amintirile! Frumo\u0219i, de\u0219tep\u021bi, \u00eentr-un cuv\u00e2nt minuna\u021bi! A\u021bi l\u0103sat un mare gol \u00een sufletul meu, al p\u0103rin\u021bilor vo\u0219tri, al prietenilor! Am privit \u00eenm\u0103rmurit\u0103 cum ma\u0219ina voastr\u0103 arde \u0219i am sperat p\u00e2n\u0103 \u00een ultima clip\u0103 c\u0103 nu sunte\u021bi voi! A\u021bi plecat a\u0219a cum poate v-a\u021bi dorit, \u00eempreun\u0103! Alexandra \u0219i Gabi, o s\u0103 ne rug\u0103m pentru voi!&#8221;, este mesajul postat pe un cont de Facebook.\u00a0<\/p>","protected":false},"excerpt":{"rendered":"<p>Doi tineri de 17 \u0219i 21 de ani \u0219i-au g\u0103sit sf\u00e2r\u0219itul \u00eentr-un cumplit accident produs&hellip;<\/p>\n","protected":false},"author":0,"featured_media":8133,"comment_status":"open","ping_status":"open","sticky":false,"template":"","format":"standard","meta":{"footnotes":""},"categories":[2],"tags":[],"class_list":["post-8132","post","type-post","status-publish","format-standard","has-post-thumbnail","hentry","category-actual"],"_links":{"self":[{"href":"https:\/\/247stiri.ro\/index.php\/wp-json\/wp\/v2\/posts\/8132","targetHints":{"allow":["GET"]}}],"collection":[{"href":"https:\/\/247stiri.ro\/index.php\/wp-json\/wp\/v2\/posts"}],"about":[{"href":"https:\/\/247stiri.ro\/index.php\/wp-json\/wp\/v2\/types\/post"}],"replies":[{"embeddable":true,"href":"https:\/\/247stiri.ro\/index.php\/wp-json\/wp\/v2\/comments?post=8132"}],"version-history":[{"count":0,"href":"https:\/\/247stiri.ro\/index.php\/wp-json\/wp\/v2\/posts\/8132\/revisions"}],"wp:featuredmedia":[{"embeddable":true,"href":"https:\/\/247stiri.ro\/index.php\/wp-json\/wp\/v2\/media\/8133"}],"wp:attachment":[{"href":"https:\/\/247stiri.ro\/index.php\/wp-json\/wp\/v2\/media?parent=8132"}],"wp:term":[{"taxonomy":"category","embeddable":true,"href":"https:\/\/247stiri.ro\/index.php\/wp-json\/wp\/v2\/categories?post=8132"},{"taxonomy":"post_tag","embeddable":true,"href":"https:\/\/247stiri.ro\/index.php\/wp-json\/wp\/v2\/tags?post=8132"}],"curies":[{"name":"wp","href":"https:\/\/api.w.org\/{rel}","templated":true}]}}