{"id":8174,"date":"2024-11-18T07:46:14","date_gmt":"2024-11-18T07:46:14","guid":{"rendered":"https:\/\/247stiri.ro\/index.php\/2024\/11\/18\/mascatii-au-descins-in-5-judete-intr-o-ampla-operatiune-antidrog-in-scoli-zeci-de-elevi-si-studenti-dusi-la-audieri\/"},"modified":"2024-11-18T07:46:14","modified_gmt":"2024-11-18T07:46:14","slug":"mascatii-au-descins-in-5-judete-intr-o-ampla-operatiune-antidrog-in-scoli-zeci-de-elevi-si-studenti-dusi-la-audieri","status":"publish","type":"post","link":"https:\/\/247stiri.ro\/index.php\/2024\/11\/18\/mascatii-au-descins-in-5-judete-intr-o-ampla-operatiune-antidrog-in-scoli-zeci-de-elevi-si-studenti-dusi-la-audieri\/","title":{"rendered":"Masca\u021bii au descins \u00een 5 jude\u021be, \u00eentr-o ampl\u0103 opera\u021biune antidrog \u00een \u0219coli. Zeci de elevi \u0219i studen\u021bi du\u0219i la audieri"},"content":{"rendered":"<p>S-au f\u0103cut nu mai pu\u021bin de 50 de perchezi\u021bii \u00een case din Ia\u0219i, Bucure\u0219ti, Gala\u021bi, Pa\u0219cani, dar \u0219i \u00een ora\u0219ul Podu Iloaiei. Aproximativ 70 de elevi \u0219i studen\u021bi care s-au trezit cu masca\u021bii la u\u0219\u0103 pentru c\u0103 au cump\u0103rat mai multe tipuri de droguri. La cercet\u0103ri iau parte \u0219i reprezentan\u021bi ai inspectoratelor \u0219colare, dar \u0219i speciali\u0219ti din sistemul de s\u0103n\u0103tate. To\u021bi trafican\u021bii \u0219i consumatorii prin\u0219i de oamenii legii vor fi audia\u021bi de anchetatorii DIICOT. <\/p>\n<p>Anchetele vizeaz\u0103 40 de persoane, majoritatea elevi \u0219i studen\u021bi ai unor unit\u0103\u021bi de \u00eenv\u0103\u021b\u0103m\u00e2nt, din jude\u021bul Ia\u0219i, fa\u021b\u0103 de care poli\u021bi\u0219tii \u0219i procurorii au desf\u0103\u0219urat activit\u0103\u021bi de documentare \u0219i investigare, pentru combaterea traficului cu substan\u021be interzise.<\/p>\n<p>Audierile se vor desf\u0103\u0219ura la sediul D.I.I.C.O.T. \u2013 Serviciul Teritorial Ia\u0219i, fiind viza\u021bi at\u00e2t cei \u00een cauz\u0103, c\u00e2t \u0219i aproximativ 70 de consumatori (majoritatea elevi \u0219i studen\u021bi).<\/p>\n<p>Cercet\u0103rile efectuate au beneficiat de sprijinul Inspectoratului \u0218colar Jude\u021bean Ia\u0219i, D.G.A.S.P.C. Ia\u0219i \u0219i Spitalului de Copii Sf. Maria, care monitorizeaz\u0103 cazurile minorilor intoxica\u021bi ca urmare a consumului de substan\u021be interzise.<\/p>\n<p>Concomitent, poli\u021bi\u0219tii Serviciului de Combatere a Criminalit\u0103\u021bii Organizate Vaslui, \u00eempreun\u0103 cu procurorii din cadrul Direc\u021biei de Investigare a Infrac\u021biunilor de Criminalitate Organizat\u0103 \u0219i Terorism \u2013 Biroul Teritorial Vaslui, efectueaz\u0103 4 perchezi\u021bii domiciliare, \u00een municipiul B\u00e2rlad, \u00eentr-un dosar privind s\u0103v\u00e2r\u0219irea infrac\u021biunii de efectuarea, f\u0103r\u0103 drept, de opera\u021biuni cu substan\u021be psihoactive.<\/p>\n<p>Probatoriul administrat a reliefat c\u0103, pe parcursul anului 2024, 4 persoane ar fi v\u00e2ndut, \u00een mod repetat, substan\u021be psihoactive, c\u0103tre consumatori, \u00een special elevi ai unit\u0103\u021bilor de \u00eenv\u0103\u021b\u0103m\u00e2nt, din municipiul B\u00e2rlad.<\/p>\n<p>Audierile \u00een aceast\u0103 cauz\u0103 se vor desf\u0103\u0219ura la sediul D.I.I.C.O.T. &#8211; Biroul Teritorial Vaslui.<\/p>\n<p>Ac\u021biunile sunt realizate cu sprijinul brig\u0103zilor de combatere a criminalit\u0103\u021bii organizate Bac\u0103u, Suceava \u0219i Gala\u021bi, poli\u021bi\u0219tilor Biroului Siguran\u021b\u0103 \u0218colar\u0103 \u0219i lupt\u0103torilor Serviciului pentru Ac\u021biuni Speciale din cadrul Inspectoratului de Poli\u021bie Jude\u021bean Ia\u0219i, poli\u021bi\u0219tilor din cadrul Poli\u021biei Municipiului B\u00e2rlad, Biroului Siguran\u021b\u0103 \u0218colar\u0103 din cadrul Inspectoratului de Poli\u021bie Jude\u021bean Vaslui, jandarmilor inspectoratelor de jandarmi jude\u021bene Ia\u0219i \u0219i Vaslui \u0219i ai Grup\u0103rii Mobile de Jandarmi Bac\u0103u.<\/p>\n<p>Aceast\u0103 ac\u021biune de amploare reprezint\u0103, al\u0103turi de altele similare desf\u0103\u0219urate de Poli\u021bia Rom\u00e2n\u0103 \u0219i D.I.I.C.O.T., o reac\u021bie prompt\u0103 \u0219i sus\u021binut\u0103 \u00een combaterea traficului \u0219i consumului de droguri \u00een r\u00e2ndul elevilor, dar \u0219i un semnal de alarm\u0103 pentru con\u0219tientizarea dimensiunilor acestui fenomen \u0219i a necesit\u0103\u021bii stop\u0103rii lui prin eforturi conjugate din partea \u00eentregii comunit\u0103\u021bi.<\/p>","protected":false},"excerpt":{"rendered":"<p>S-au f\u0103cut nu mai pu\u021bin de 50 de perchezi\u021bii \u00een case din Ia\u0219i, Bucure\u0219ti, Gala\u021bi,&hellip;<\/p>\n","protected":false},"author":0,"featured_media":8175,"comment_status":"open","ping_status":"open","sticky":false,"template":"","format":"standard","meta":{"footnotes":""},"categories":[2],"tags":[],"class_list":["post-8174","post","type-post","status-publish","format-standard","has-post-thumbnail","hentry","category-actual"],"_links":{"self":[{"href":"https:\/\/247stiri.ro\/index.php\/wp-json\/wp\/v2\/posts\/8174","targetHints":{"allow":["GET"]}}],"collection":[{"href":"https:\/\/247stiri.ro\/index.php\/wp-json\/wp\/v2\/posts"}],"about":[{"href":"https:\/\/247stiri.ro\/index.php\/wp-json\/wp\/v2\/types\/post"}],"replies":[{"embeddable":true,"href":"https:\/\/247stiri.ro\/index.php\/wp-json\/wp\/v2\/comments?post=8174"}],"version-history":[{"count":0,"href":"https:\/\/247stiri.ro\/index.php\/wp-json\/wp\/v2\/posts\/8174\/revisions"}],"wp:featuredmedia":[{"embeddable":true,"href":"https:\/\/247stiri.ro\/index.php\/wp-json\/wp\/v2\/media\/8175"}],"wp:attachment":[{"href":"https:\/\/247stiri.ro\/index.php\/wp-json\/wp\/v2\/media?parent=8174"}],"wp:term":[{"taxonomy":"category","embeddable":true,"href":"https:\/\/247stiri.ro\/index.php\/wp-json\/wp\/v2\/categories?post=8174"},{"taxonomy":"post_tag","embeddable":true,"href":"https:\/\/247stiri.ro\/index.php\/wp-json\/wp\/v2\/tags?post=8174"}],"curies":[{"name":"wp","href":"https:\/\/api.w.org\/{rel}","templated":true}]}}