{"id":8216,"date":"2024-11-18T09:49:22","date_gmt":"2024-11-18T09:49:22","guid":{"rendered":"https:\/\/247stiri.ro\/index.php\/2024\/11\/18\/scandal-intr-un-local-de-lux-din-bucuresti-intre-fosta-si-actuala-iubita-a-liderului-clanului-caran-cum-a-rectionat-interlopul\/"},"modified":"2024-11-18T09:49:22","modified_gmt":"2024-11-18T09:49:22","slug":"scandal-intr-un-local-de-lux-din-bucuresti-intre-fosta-si-actuala-iubita-a-liderului-clanului-caran-cum-a-rectionat-interlopul","status":"publish","type":"post","link":"https:\/\/247stiri.ro\/index.php\/2024\/11\/18\/scandal-intr-un-local-de-lux-din-bucuresti-intre-fosta-si-actuala-iubita-a-liderului-clanului-caran-cum-a-rectionat-interlopul\/","title":{"rendered":"Scandal \u00eentr-un local de lux din Bucure\u0219ti \u00eentre fosta \u0219i actuala iubit\u0103 a liderului clanului Caran. Cum a rec\u021bionat interlopul"},"content":{"rendered":"<p>Considerat drept unul dintre cei mai temu\u021bi lideri interlopi din \u021bar\u0103, Aurel Caran s-a aflat, joi sear\u0103, \u00een centrul unui scandal dup\u0103 ce dou\u0103 femei s-ar fi luat la b\u0103taie pentru el, scrie Replica Online.<\/p>\n<p>Conform martorilor oculari, liderul interlop ar fi mers, \u00eenso\u021bit de o femeie, despre care persoane apropiate acestuia sus\u021bin c\u0103 ar fi noua sa cucerire, la un restaurant faimos din nordul Capitalei.<\/p>\n<p>Ceea ce p\u0103rea s\u0103 fie o sear\u0103 de distrac\u021bie s-a transformat \u00eens\u0103 cur\u00e2nd \u00eentr-o scen\u0103 de co\u0219mar. \u0218i asta deoarece, spun sursele citate, t\u00e2n\u0103ra care \u00eel \u00eenso\u021bea pe Aurel Caran ar fi fost abordat\u0103 de fost\u0103 iubit\u0103 a acestuia.<\/p>\n<p>Cele dou\u0103 femei s-ar fi luat la ceart\u0103 \u0219i, dup\u0103 un scurt schimb de replici t\u0103ioase, s-ar fi luat la b\u0103taie.<\/p>\n<p>Cele dou\u0103 ar fi fost desp\u0103r\u021bite chiar de c\u0103tre celebrul interlop bucure\u0219tean. Acesta ar fi bruscat-o pe una dintre cele dou\u0103 femei, mai spun surselor citate.\u00a0<\/p>","protected":false},"excerpt":{"rendered":"<p>Considerat drept unul dintre cei mai temu\u021bi lideri interlopi din \u021bar\u0103, Aurel Caran s-a aflat,&hellip;<\/p>\n","protected":false},"author":0,"featured_media":8217,"comment_status":"open","ping_status":"open","sticky":false,"template":"","format":"standard","meta":{"footnotes":""},"categories":[2],"tags":[],"class_list":["post-8216","post","type-post","status-publish","format-standard","has-post-thumbnail","hentry","category-actual"],"_links":{"self":[{"href":"https:\/\/247stiri.ro\/index.php\/wp-json\/wp\/v2\/posts\/8216","targetHints":{"allow":["GET"]}}],"collection":[{"href":"https:\/\/247stiri.ro\/index.php\/wp-json\/wp\/v2\/posts"}],"about":[{"href":"https:\/\/247stiri.ro\/index.php\/wp-json\/wp\/v2\/types\/post"}],"replies":[{"embeddable":true,"href":"https:\/\/247stiri.ro\/index.php\/wp-json\/wp\/v2\/comments?post=8216"}],"version-history":[{"count":0,"href":"https:\/\/247stiri.ro\/index.php\/wp-json\/wp\/v2\/posts\/8216\/revisions"}],"wp:featuredmedia":[{"embeddable":true,"href":"https:\/\/247stiri.ro\/index.php\/wp-json\/wp\/v2\/media\/8217"}],"wp:attachment":[{"href":"https:\/\/247stiri.ro\/index.php\/wp-json\/wp\/v2\/media?parent=8216"}],"wp:term":[{"taxonomy":"category","embeddable":true,"href":"https:\/\/247stiri.ro\/index.php\/wp-json\/wp\/v2\/categories?post=8216"},{"taxonomy":"post_tag","embeddable":true,"href":"https:\/\/247stiri.ro\/index.php\/wp-json\/wp\/v2\/tags?post=8216"}],"curies":[{"name":"wp","href":"https:\/\/api.w.org\/{rel}","templated":true}]}}