{"id":8218,"date":"2024-11-18T09:49:23","date_gmt":"2024-11-18T09:49:23","guid":{"rendered":"https:\/\/247stiri.ro\/index.php\/2024\/11\/18\/val-de-aer-polar-peste-romania-elena-mateescu-sefa-anm-anunta-schimbari-majore-de-temperatura-de-la-o-zi-la-alta\/"},"modified":"2024-11-18T09:49:23","modified_gmt":"2024-11-18T09:49:23","slug":"val-de-aer-polar-peste-romania-elena-mateescu-sefa-anm-anunta-schimbari-majore-de-temperatura-de-la-o-zi-la-alta","status":"publish","type":"post","link":"https:\/\/247stiri.ro\/index.php\/2024\/11\/18\/val-de-aer-polar-peste-romania-elena-mateescu-sefa-anm-anunta-schimbari-majore-de-temperatura-de-la-o-zi-la-alta\/","title":{"rendered":"Val de aer polar peste Rom\u00e2nia. Elena Mateescu, \u0219efa ANM, anun\u021b\u0103 schimb\u0103ri MAJORE de temperatur\u0103 de la o zi la alta"},"content":{"rendered":"<p>&#8222;Vorbim de alternan\u021be semnificative \u00eentre perioade mai calde, cu temperaturi peste medie \u0219i altele mai reci, mai ales \u00een primele zile ale s\u0103pt\u0103m\u00e2nii. Astfel, dac\u0103 mar\u021bi avem un ecart al temperaturilor \u00eentre 8 \u0219i 15 grade Celsius, pentru miercuri o s\u0103 avem 7-19 grade.<\/p>\n<p>Dup\u0103 acest v\u00e2rf termic, mai precis de joi, temperaturile scad semnificativ, mai ales \u00een zona de centru, sud \u0219i est a \u021b\u0103rii. Astfel, valorile se apropie de normalul termic al perioadei, iar \u00een depresiuni s\u0103 vorbim de o vreme u\u0219or mai rece, maximele fiind cuprinse \u00eentre 0 \u0219i 13 grade, iar minimele \u00eentre minus 5 &#8211; 4 grade Celsius. Cele mai cobor\u00e2te temperaturi, de p\u00e2n\u0103 la minus 10 grade, se vor \u00eenregistra \u00een depresiunile din estul Transilvaniei.<\/p>\n<p>Odat\u0103 c\u0103 r\u0103cirea vremii se vor produce \u0219i precipita\u021bii, mai ales sub form\u0103 de ploaie \u00een sudul \u0219i estul \u021b\u0103ri, sub form\u0103 de lapovi\u021b\u0103 \u0219i ninsoare \u00een centrul \u021b\u0103rii, dar nu excludem posibilitatea ca la munte s\u0103 avem precipita\u021bii sub form\u0103 de ninsoare.<\/p>\n<p>Cert este c\u0103 cea mai cald\u0103 zi a s\u0103pt\u0103m\u00e2nii va fi miercuri, apoi va urma o perioad\u0103 de r\u0103cire.<\/p>","protected":false},"excerpt":{"rendered":"<p>&#8222;Vorbim de alternan\u021be semnificative \u00eentre perioade mai calde, cu temperaturi peste medie \u0219i altele mai&hellip;<\/p>\n","protected":false},"author":0,"featured_media":8219,"comment_status":"open","ping_status":"open","sticky":false,"template":"","format":"standard","meta":{"footnotes":""},"categories":[2],"tags":[],"class_list":["post-8218","post","type-post","status-publish","format-standard","has-post-thumbnail","hentry","category-actual"],"_links":{"self":[{"href":"https:\/\/247stiri.ro\/index.php\/wp-json\/wp\/v2\/posts\/8218","targetHints":{"allow":["GET"]}}],"collection":[{"href":"https:\/\/247stiri.ro\/index.php\/wp-json\/wp\/v2\/posts"}],"about":[{"href":"https:\/\/247stiri.ro\/index.php\/wp-json\/wp\/v2\/types\/post"}],"replies":[{"embeddable":true,"href":"https:\/\/247stiri.ro\/index.php\/wp-json\/wp\/v2\/comments?post=8218"}],"version-history":[{"count":0,"href":"https:\/\/247stiri.ro\/index.php\/wp-json\/wp\/v2\/posts\/8218\/revisions"}],"wp:featuredmedia":[{"embeddable":true,"href":"https:\/\/247stiri.ro\/index.php\/wp-json\/wp\/v2\/media\/8219"}],"wp:attachment":[{"href":"https:\/\/247stiri.ro\/index.php\/wp-json\/wp\/v2\/media?parent=8218"}],"wp:term":[{"taxonomy":"category","embeddable":true,"href":"https:\/\/247stiri.ro\/index.php\/wp-json\/wp\/v2\/categories?post=8218"},{"taxonomy":"post_tag","embeddable":true,"href":"https:\/\/247stiri.ro\/index.php\/wp-json\/wp\/v2\/tags?post=8218"}],"curies":[{"name":"wp","href":"https:\/\/api.w.org\/{rel}","templated":true}]}}