{"id":8222,"date":"2024-11-18T09:49:23","date_gmt":"2024-11-18T09:49:23","guid":{"rendered":"https:\/\/247stiri.ro\/index.php\/2024\/11\/18\/primul-termen-pentru-custodia-copiilor-lui-prigoana-stabilit-fosta-sotie-cere-interventia-premierului\/"},"modified":"2024-11-18T09:49:23","modified_gmt":"2024-11-18T09:49:23","slug":"primul-termen-pentru-custodia-copiilor-lui-prigoana-stabilit-fosta-sotie-cere-interventia-premierului","status":"publish","type":"post","link":"https:\/\/247stiri.ro\/index.php\/2024\/11\/18\/primul-termen-pentru-custodia-copiilor-lui-prigoana-stabilit-fosta-sotie-cere-interventia-premierului\/","title":{"rendered":"Primul termen pentru custodia copiilor lui Prigoan\u0103, stabilit. Fosta so\u021bie cere interven\u021bia premierului"},"content":{"rendered":"<p>\u00centre timp, aceasta i-a transmis un mesaj premierului Marcel Ciolacu, c\u0103ruia i-a cerut s\u0103 ia m\u0103suri urgente \u0219i s\u0103 gr\u0103beasc\u0103 procesul magistra\u021bilor.<\/p>\n<p>\u201eStimate domnule Prim Ministru Marcel Ciolacu, v\u0103 scrie o mam\u0103 \u00eendurerat\u0103, cu inima fr\u00e2nt\u0103 fiindc\u0103 nu-\u0219i poate \u021bine \u00een brate copiii orfani, \u0219oca\u021bi de moartea subit\u0103 a tat\u0103lui lor, plimba\u021bi noaptea prin cimitir \u00eentr-un ritual macabru \u0219i \u00eendoctrina\u021bi s\u0103 m\u0103 urasc\u0103 \u0219i s\u0103 stea departe de mine! (\u2026)\u201d, se arat\u0103 \u00een postarea Adrianei Bahmu\u021beanu, reclam\u00e2nd o situa\u021bie de abuz al institu\u021biilor statului, care nu o ajut\u0103 s\u0103-\u0219i ia copiii din locuin\u021ba fostului so\u021b.<\/p>\n<p><a href=\"https:\/\/www.realitatea.net\/stiri\/actual\/bomba-dupa-moartea-lui-silviu-prigoana-locuinta-de-lux-a-fost-pusa-sub-sechestru-omul-lui-coldea-in-spatele-operatiunii_673b00c09d563236e014c635\" target=\"_blank\">Bomb\u0103 dup\u0103 moartea lui Silviu Prigoan\u0103. Locuin\u021ba de lux a fost pus\u0103 sub SECHESTRU! Omul lui Coldea, \u00een spatele opera\u021biunii<\/a><\/p>\n<p>\u00a0<\/p>\n<p>\u00a0<\/p>","protected":false},"excerpt":{"rendered":"<p>\u00centre timp, aceasta i-a transmis un mesaj premierului Marcel Ciolacu, c\u0103ruia i-a cerut s\u0103 ia&hellip;<\/p>\n","protected":false},"author":0,"featured_media":8202,"comment_status":"open","ping_status":"open","sticky":false,"template":"","format":"standard","meta":{"footnotes":""},"categories":[2],"tags":[],"class_list":["post-8222","post","type-post","status-publish","format-standard","has-post-thumbnail","hentry","category-actual"],"_links":{"self":[{"href":"https:\/\/247stiri.ro\/index.php\/wp-json\/wp\/v2\/posts\/8222","targetHints":{"allow":["GET"]}}],"collection":[{"href":"https:\/\/247stiri.ro\/index.php\/wp-json\/wp\/v2\/posts"}],"about":[{"href":"https:\/\/247stiri.ro\/index.php\/wp-json\/wp\/v2\/types\/post"}],"replies":[{"embeddable":true,"href":"https:\/\/247stiri.ro\/index.php\/wp-json\/wp\/v2\/comments?post=8222"}],"version-history":[{"count":0,"href":"https:\/\/247stiri.ro\/index.php\/wp-json\/wp\/v2\/posts\/8222\/revisions"}],"wp:featuredmedia":[{"embeddable":true,"href":"https:\/\/247stiri.ro\/index.php\/wp-json\/wp\/v2\/media\/8202"}],"wp:attachment":[{"href":"https:\/\/247stiri.ro\/index.php\/wp-json\/wp\/v2\/media?parent=8222"}],"wp:term":[{"taxonomy":"category","embeddable":true,"href":"https:\/\/247stiri.ro\/index.php\/wp-json\/wp\/v2\/categories?post=8222"},{"taxonomy":"post_tag","embeddable":true,"href":"https:\/\/247stiri.ro\/index.php\/wp-json\/wp\/v2\/tags?post=8222"}],"curies":[{"name":"wp","href":"https:\/\/api.w.org\/{rel}","templated":true}]}}