{"id":8225,"date":"2024-11-18T09:49:23","date_gmt":"2024-11-18T09:49:23","guid":{"rendered":"https:\/\/247stiri.ro\/index.php\/2024\/11\/18\/premierul-din-kosovo-declaratie-socanta-dupa-incidentele-din-meciul-contra-romaniei\/"},"modified":"2024-11-18T09:49:23","modified_gmt":"2024-11-18T09:49:23","slug":"premierul-din-kosovo-declaratie-socanta-dupa-incidentele-din-meciul-contra-romaniei","status":"publish","type":"post","link":"https:\/\/247stiri.ro\/index.php\/2024\/11\/18\/premierul-din-kosovo-declaratie-socanta-dupa-incidentele-din-meciul-contra-romaniei\/","title":{"rendered":"Premierul din Kosovo, declara\u021bie \u0219ocant\u0103, dup\u0103 incidentele din meciul contra Rom\u00e2niei"},"content":{"rendered":"<p>\u00cen discursul sau, citat de publica\u021bia Kossev, prim-ministrul Kurti a apreciat atitudinea juc\u0103torilor \u0219i a federa\u021biei drept corect\u0103 \u0219i benefic\u0103 pentru \u021bar\u0103 \u0219i pentru fotbal:<\/p>\n<p>\u201eEste o pl\u0103cere \u0219i o onoare s\u0103 ne \u00eent\u00e2lnim ast\u0103zi. \u00cen primul r\u00e2nd, trebuie s\u0103 va felicit pentru jocul excelent pe care l-a\u021bi f\u0103cut la Bucure\u0219ti, unde a\u021bi dominat pe teren, \u0219i \u00een acela\u0219i timp s\u0103 exprim solidaritatea noastr\u0103 deplin\u0103 fa\u021b\u0103 de pozi\u021bia pe care a\u021bi adoptat-o acolo. Este o pozi\u021bie corect\u0103 \u0219i benefic\u0103, at\u00e2t pentru Kosovo, c\u00e2t \u0219i pentru fotbal \u0219i pentru fiecare cet\u0103\u021bean al \u021b\u0103rii noastre, care s-a sim\u021bit reprezentat de declara\u021bia \u0219i atitudinea c\u0103pitanului Amir Rrahmani, pentru care va felicit \u0219i va mul\u021bumesc din inima\u201d, a declarat Kurti.<\/p>\n<p>\u201eNu este prima dat\u0103 c\u00e2nd ne confrunt\u0103m cu o astfel de situa\u021bie. Strig\u0103te \u0219oviniste \u00eempotriva Kosovo \u0219i a albanezilor, strig\u0103te rasiste \u00eempotriva juc\u0103torilor no\u0219tri \u0219i a poporului nostru s-au \u00eent\u00e2mplat \u0219i \u00een trecut. Doar c\u0103 acum paharul s-a umplut. \u0218i nu mai este loc pentru astfel de atacuri denigratoare, inacceptabile \u00eentr-o lume civilizat\u0103. C\u00e2nd acest lucru se \u00eent\u00e2mpl\u0103 \u00eentr-un stat care \u00eenc\u0103 nu ne-a recunoscut, totul devine \u0219i mai grav\u201d, a ad\u0103ugat premierul.<\/p>\n<p>Kurti a promis c\u0103 va apela la sprijin institu\u021bional \u0219i \u00ee\u0219i va folosi \u201etoate rela\u021biile interna\u021bionale\u201d pentru a combate astfel de comportamente:<\/p>\n<p>\u201eC\u0103 premier al Republicii Kosovo, al\u0103turi de ministrul Afacerilor Externe \u0219i Diasporei, de ministrul Culturii, Tineretului \u0219i Sportului, voi face tot posibilul pentru a continu\u0103 aceast\u0103 lupta \u0219i pe scen\u0103 interna\u021bional\u0103 politic\u0103 \u0219i diplomatic\u0103, dar \u0219i din punct de vedere juridic, astfel \u00eenc\u00e2t UEFA \u0219i FIFA s\u0103-i sanc\u021bioneze pe cei care merit\u0103\u201d, a mai spus premierul kosovar.<\/p>\n<p>Pre\u0219edintele federa\u021biei kosovare de fotbal, Agim Ademi, i-a mul\u021bumit prim-ministrului Kurti pentru vizit\u0103 \u0219i sprijin, subliniind important\u0103 sus\u021binerii institu\u021bionale pentru echipa na\u021bional\u0103 a Kosovo.<\/p>","protected":false},"excerpt":{"rendered":"<p>\u00cen discursul sau, citat de publica\u021bia Kossev, prim-ministrul Kurti a apreciat atitudinea juc\u0103torilor \u0219i a&hellip;<\/p>\n","protected":false},"author":0,"featured_media":8210,"comment_status":"open","ping_status":"open","sticky":false,"template":"","format":"standard","meta":{"footnotes":""},"categories":[2],"tags":[],"class_list":["post-8225","post","type-post","status-publish","format-standard","has-post-thumbnail","hentry","category-actual"],"_links":{"self":[{"href":"https:\/\/247stiri.ro\/index.php\/wp-json\/wp\/v2\/posts\/8225","targetHints":{"allow":["GET"]}}],"collection":[{"href":"https:\/\/247stiri.ro\/index.php\/wp-json\/wp\/v2\/posts"}],"about":[{"href":"https:\/\/247stiri.ro\/index.php\/wp-json\/wp\/v2\/types\/post"}],"replies":[{"embeddable":true,"href":"https:\/\/247stiri.ro\/index.php\/wp-json\/wp\/v2\/comments?post=8225"}],"version-history":[{"count":0,"href":"https:\/\/247stiri.ro\/index.php\/wp-json\/wp\/v2\/posts\/8225\/revisions"}],"wp:featuredmedia":[{"embeddable":true,"href":"https:\/\/247stiri.ro\/index.php\/wp-json\/wp\/v2\/media\/8210"}],"wp:attachment":[{"href":"https:\/\/247stiri.ro\/index.php\/wp-json\/wp\/v2\/media?parent=8225"}],"wp:term":[{"taxonomy":"category","embeddable":true,"href":"https:\/\/247stiri.ro\/index.php\/wp-json\/wp\/v2\/categories?post=8225"},{"taxonomy":"post_tag","embeddable":true,"href":"https:\/\/247stiri.ro\/index.php\/wp-json\/wp\/v2\/tags?post=8225"}],"curies":[{"name":"wp","href":"https:\/\/api.w.org\/{rel}","templated":true}]}}