{"id":8228,"date":"2024-11-18T09:49:24","date_gmt":"2024-11-18T09:49:24","guid":{"rendered":"https:\/\/247stiri.ro\/index.php\/2024\/11\/18\/finii-si-apropiatii-lui-silviu-prigoana-pregatesc-un-parastas-impresionant-cand-si-unde-va-avea-loc-praznicul\/"},"modified":"2024-11-18T09:49:24","modified_gmt":"2024-11-18T09:49:24","slug":"finii-si-apropiatii-lui-silviu-prigoana-pregatesc-un-parastas-impresionant-cand-si-unde-va-avea-loc-praznicul","status":"publish","type":"post","link":"https:\/\/247stiri.ro\/index.php\/2024\/11\/18\/finii-si-apropiatii-lui-silviu-prigoana-pregatesc-un-parastas-impresionant-cand-si-unde-va-avea-loc-praznicul\/","title":{"rendered":"Finii \u0219i apropia\u021bii lui Silviu Prigoan\u0103 preg\u0103tesc un parastas impresionant. C\u00e2nd \u0219i unde va avea loc praznicul"},"content":{"rendered":"<p>La 4 zile de la \u00eenmorm\u00e2ntarea discret\u0103 pe care a avut-o, la Cimitirul Evanghelic Luteran din Sectorul 4 al Capitalei, \u00eenc\u0103 vin oameni s\u0103 aprind\u0103 o lum\u00e2nare \u0219i s\u0103 lase o floare \u00een memoria lui Silviu Prigoan\u0103.\u00a0<\/p>\n<p>Acela\u0219i lucru va fi f\u0103cut \u0219i de c\u0103tre apropia\u021bii lui \u0219i membrii familiei. Spuneau ace\u0219tia c\u0103 vor s\u0103 organizeze un act comemorativ, cel mai probabil aici. Acest lucru se va \u00eent\u00e2mpla la \u00eenceputul acestei s\u0103pt\u0103m\u00e2ni, c\u00e2nd se vor \u00eemplini 9 zile de la trecerea lui \u00een nefiin\u021b\u0103.<\/p>\n<p>\u00cen spa\u021biul public au ap\u0103rut mai multe informa\u021bii potrivit c\u0103rora <a href=\"https:\/\/www.realitatea.net\/stiri\/actual\/isterie-online-dupa-moartea-lui-silviu-prigoana-internautii-spun-ca-omul-de-afaceri-sia-inscenat-moartea-si-a-fugit-din-tara-ce-zice-regina-intunericului-care-sa-ocupat-de-inmormantare_6739c8cf00db8c5986628ce2\" target=\"_blank\">Silviu Prigoan\u0103<\/a> nu ar fi fost depus la cavoul familiei din acest cimitir \u0219i, mai mult dec\u00e2t at\u00e2t, \u0219i-ar fi \u00eenscenat chiar moartea.\u00a0<\/p>\n<p><a href=\"https:\/\/www.realitatea.net\/stiri\/actual\/cum-arata-locul-de-veci-al-lui-silviu-prigoana-palatul-funerar-in-care-milionarul-isi-face-somnul-de-veci_67375f3106313d77024f5095\" target=\"_blank\">Cum arat\u0103 locul de veci al lui Silviu Prigoan\u0103: Palatul funerar \u00een care milionarul \u00ee\u0219i face somnul de veci<\/a><\/p>\n<p>El a \u00eencetat din via\u021b\u0103 la \u00eenceputul s\u0103pt\u0103m\u00e2nii trecute, respectiv pe 12 noiembrie, \u00eentr-un restaurant din Bran, iar medicii legi\u0219ti au constat decesul ca fiind \u00een urma unui stop cardio-respirator.\u00a0<\/p>\n<p>Familia acestuia a ie\u0219it cu un <a href=\"https:\/\/www.realitatea.net\/stiri\/actual\/silviu-prigoana-a-fost-inmormantat-comunicatul-oficial-al-familie-indoliate_6735e3215c4e973bc91d6126\" target=\"_blank\">comunicat<\/a> de pres\u0103 \u00een care a sepecificat faptul c\u0103 a fost o slujb\u0103 restr\u00e2ns\u0103, la care au participat doar membrii familiei \u0219i apropia\u021bi ai acestuia \u0219i c\u0103 a fost depus \u00een acest cimitir.\u00a0<\/p>","protected":false},"excerpt":{"rendered":"<p>La 4 zile de la \u00eenmorm\u00e2ntarea discret\u0103 pe care a avut-o, la Cimitirul Evanghelic Luteran&hellip;<\/p>\n","protected":false},"author":0,"featured_media":8229,"comment_status":"open","ping_status":"open","sticky":false,"template":"","format":"standard","meta":{"footnotes":""},"categories":[2],"tags":[],"class_list":["post-8228","post","type-post","status-publish","format-standard","has-post-thumbnail","hentry","category-actual"],"_links":{"self":[{"href":"https:\/\/247stiri.ro\/index.php\/wp-json\/wp\/v2\/posts\/8228","targetHints":{"allow":["GET"]}}],"collection":[{"href":"https:\/\/247stiri.ro\/index.php\/wp-json\/wp\/v2\/posts"}],"about":[{"href":"https:\/\/247stiri.ro\/index.php\/wp-json\/wp\/v2\/types\/post"}],"replies":[{"embeddable":true,"href":"https:\/\/247stiri.ro\/index.php\/wp-json\/wp\/v2\/comments?post=8228"}],"version-history":[{"count":0,"href":"https:\/\/247stiri.ro\/index.php\/wp-json\/wp\/v2\/posts\/8228\/revisions"}],"wp:featuredmedia":[{"embeddable":true,"href":"https:\/\/247stiri.ro\/index.php\/wp-json\/wp\/v2\/media\/8229"}],"wp:attachment":[{"href":"https:\/\/247stiri.ro\/index.php\/wp-json\/wp\/v2\/media?parent=8228"}],"wp:term":[{"taxonomy":"category","embeddable":true,"href":"https:\/\/247stiri.ro\/index.php\/wp-json\/wp\/v2\/categories?post=8228"},{"taxonomy":"post_tag","embeddable":true,"href":"https:\/\/247stiri.ro\/index.php\/wp-json\/wp\/v2\/tags?post=8228"}],"curies":[{"name":"wp","href":"https:\/\/api.w.org\/{rel}","templated":true}]}}