{"id":8240,"date":"2024-11-18T10:45:29","date_gmt":"2024-11-18T10:45:29","guid":{"rendered":"https:\/\/247stiri.ro\/index.php\/2024\/11\/18\/apelul-lui-ilie-bolojan-votati-rational-si-util-votati-nicolae-ciuca-presedinte\/"},"modified":"2024-11-18T10:45:29","modified_gmt":"2024-11-18T10:45:29","slug":"apelul-lui-ilie-bolojan-votati-rational-si-util-votati-nicolae-ciuca-presedinte","status":"publish","type":"post","link":"https:\/\/247stiri.ro\/index.php\/2024\/11\/18\/apelul-lui-ilie-bolojan-votati-rational-si-util-votati-nicolae-ciuca-presedinte\/","title":{"rendered":"Apelul lui Ilie Bolojan: Vota\u021bi ra\u021bional \u0219i util, vota\u021bi Nicolae Ciuc\u0103 pre\u0219edinte"},"content":{"rendered":"<p>Prezent duminic\u0103 la Cluj-Napoca, la adunarea regional\u0103 a liberalilor din Transilvania, Bolojan a declarat: \u201eV\u0103 rog s\u0103 vota\u021bi pentru responsabilitate, experien\u021b\u0103, bun sim\u021b, v\u0103 rog s\u0103 vota\u021bi ra\u021bional \u0219i util \u2013 Nicolae Ciuc\u0103 pre\u0219edinte\u201d. \u00cen acela\u0219i timp, liderul liberalilor bihoreni a cerut candida\u021bilor dreptei la alegerile preziden\u021biale s\u0103 nu fragmenteze voturile \u0219i s\u0103 se uneasc\u0103 \u00een jurul unui candidat comun.<\/p>\n<p>\u00a0<\/p>\n<p>Bolojan a spus de asemenea c\u0103 e nevoie de un stat eficient, cu reguli clare \u0219i respectate \u0219i a ar\u0103tat c\u0103 Partidul Na\u021bional Liberal poate crea un astfel de stat. \u201eVrem s\u0103 avem politici bune pentru comunit\u0103\u021bile noastre? Atunci trebuie s\u0103 avem politici liberale, trebuie s\u0103 avem descentralizare\u201d, a spus Ilie Bolojan.<\/p>\n<p>\u00a0<\/p>\n<p>La evenimentul regional al PNL din Ardeal, al\u0103turi de Nicolae Ciuc\u0103 \u0219i Ilie Bolojan, au fost prezen\u021bi to\u021bi primarii liberali \u0219i pre\u0219edin\u021bii liberali de consilii jude\u021bene din Transilvania. Gazda evenimentului, primarul Emil Boc din Cluj-Napoca, a f\u0103cut \u0219i el un apel pentru votul util, adresat electoratului de dreapta: \u201eDragi reprezentan\u021bi ai dreptei rom\u00e2ne\u0219ti, dragi candida\u021bi independen\u021bi, haide\u021bi s\u0103 nu irosim votul de dreapta. Avem o singur\u0103 \u0219ans\u0103 ca Rom\u00e2nia s\u0103 aib\u0103 viitor \u2013 Nicolae Ciuc\u0103 pre\u0219edintele Rom\u00e2niei!\u201d.<\/p>\n<p>\u00a0<\/p>\n<p>Boc a spus de asemenea c\u0103 Ardealul r\u0103m\u00e2ne un fief liberal, iar PSD \u0219i AUR nu pot ob\u021bine scoruri mari \u00een aceast\u0103 regiune: \u201eDrag\u0103 binom PSD-AUR, Transilvania n-a fost, nu este \u0219i va fi niciodat\u0103 a voastr\u0103. Transilvania este \u0219i va fi liberal\u0103 \u0219i Nicolae Ciuc\u0103 va fi pre\u0219edinte\u201d.<\/p>\n<p>\u00a0<\/p>\n<p>CMF31240003<\/p>\n<p>\u00a0<\/p>\n<p>\u00a0<\/p>","protected":false},"excerpt":{"rendered":"<p>Prezent duminic\u0103 la Cluj-Napoca, la adunarea regional\u0103 a liberalilor din Transilvania, Bolojan a declarat: \u201eV\u0103&hellip;<\/p>\n","protected":false},"author":0,"featured_media":8241,"comment_status":"open","ping_status":"open","sticky":false,"template":"","format":"standard","meta":{"footnotes":""},"categories":[3],"tags":[],"class_list":["post-8240","post","type-post","status-publish","format-standard","has-post-thumbnail","hentry","category-politica"],"_links":{"self":[{"href":"https:\/\/247stiri.ro\/index.php\/wp-json\/wp\/v2\/posts\/8240","targetHints":{"allow":["GET"]}}],"collection":[{"href":"https:\/\/247stiri.ro\/index.php\/wp-json\/wp\/v2\/posts"}],"about":[{"href":"https:\/\/247stiri.ro\/index.php\/wp-json\/wp\/v2\/types\/post"}],"replies":[{"embeddable":true,"href":"https:\/\/247stiri.ro\/index.php\/wp-json\/wp\/v2\/comments?post=8240"}],"version-history":[{"count":0,"href":"https:\/\/247stiri.ro\/index.php\/wp-json\/wp\/v2\/posts\/8240\/revisions"}],"wp:featuredmedia":[{"embeddable":true,"href":"https:\/\/247stiri.ro\/index.php\/wp-json\/wp\/v2\/media\/8241"}],"wp:attachment":[{"href":"https:\/\/247stiri.ro\/index.php\/wp-json\/wp\/v2\/media?parent=8240"}],"wp:term":[{"taxonomy":"category","embeddable":true,"href":"https:\/\/247stiri.ro\/index.php\/wp-json\/wp\/v2\/categories?post=8240"},{"taxonomy":"post_tag","embeddable":true,"href":"https:\/\/247stiri.ro\/index.php\/wp-json\/wp\/v2\/tags?post=8240"}],"curies":[{"name":"wp","href":"https:\/\/api.w.org\/{rel}","templated":true}]}}