{"id":8242,"date":"2024-11-18T10:45:30","date_gmt":"2024-11-18T10:45:30","guid":{"rendered":"https:\/\/247stiri.ro\/index.php\/2024\/11\/18\/alerta-de-furtuni-polare-in-intreaga-europa-vortexul-nu-va-ocoli-nici-romania-ce-zona-este-vizata\/"},"modified":"2024-11-18T10:45:30","modified_gmt":"2024-11-18T10:45:30","slug":"alerta-de-furtuni-polare-in-intreaga-europa-vortexul-nu-va-ocoli-nici-romania-ce-zona-este-vizata","status":"publish","type":"post","link":"https:\/\/247stiri.ro\/index.php\/2024\/11\/18\/alerta-de-furtuni-polare-in-intreaga-europa-vortexul-nu-va-ocoli-nici-romania-ce-zona-este-vizata\/","title":{"rendered":"Alert\u0103 de furtuni polare \u00een \u00eentreaga Europ\u0103. Vortexul nu va ocoli nici Rom\u00e2nia, ce zon\u0103 este vizat\u0103?"},"content":{"rendered":"<p>O depresiune extins\u0103 va ap\u0103rea deasupra Europei, din cauza intruziunii de vreme mult mai rece din regiunea arctic\u0103 spre sud. Lobii acesteia se vor roti pe continent p\u00e2n\u0103 la sf\u00e2r\u0219itul acestei luni, provoc\u00e2nd sisteme frontale intense cu ninsori abundente \u0219i v\u00e2nturi puternice, arat\u0103 <a href=\"https:\/\/www.severe-weather.eu\/global-weather\/winter-storm-snow-forecast-europe-november-2024-mk\/?fbclid=IwY2xjawGnwkpleHRuA2FlbQIxMQABHVxQ81YtvUnFFdOHWlmGTdMf__NdZhGlJle_M48BG2v7BVNCEhy4R6cD_g_aem_ZfthjYk7q683pMZDZUxVHw\" target=\"_blank\">Severe Weather<\/a>.<\/p>\n<p>Astfel, restul lunii noiembrie va fi caracterizat de un model meteo mult mai dinamic, cu multiple furtuni de iarn\u0103 intense care vor traversa continentul.\u00a0<\/p>\n<p>\u00a0<\/p>\n<p>\u00a0<\/p>\n<p>Duminic\u0103, satelitul privind vaporii de ap\u0103 \u0219i masa de aer din Europa \u0219i din Atlantic a dezv\u0103luit un model stabil deasupra Oceanului Atlantic \u0219i a Groenlandei. Din nordul Europei, o masa de aer rece se r\u0103sp\u00e2nde\u0219te treptat \u00eentre acesta \u0219i continent.<\/p>\n<p>Acest lucru va schimba configura\u021bia general\u0103 a vremii pe continent p\u00e2n\u0103 mar\u021bi, c\u00e2nd primul sistem va p\u0103trunde din vestul \u00een nordul Europei, provoc\u00e2nd sisteme frontale meteorologice cu furtuni de iarn\u0103, ce se vor dezvolta \u00een aceast\u0103 s\u0103pt\u0103m\u00e2n\u0103 \u0219i vor aduce ninsori \u00een unele p\u0103r\u021bi din vestul continetului, ninsori intense \u0219i viscol \u00een Suedia \u0219i Finlanda miercuri.<\/p>\n<p>Apoi, o alt\u0103 depresiune ad\u00e2nc\u0103 \u0219i furtun\u0103 de z\u0103pad\u0103 vor urma pentru Alpi \u0219i nordul Peninsulei Balcanice vineri.<\/p>\n<p>Ca urmare, s-ar putea acumula mult\u0103 z\u0103pad\u0103 \u00een vestul Alpilor \u0219i \u00een \u021b\u0103rile balcanice, inclusiv Austria, Ungaria \u0219i vestul Rom\u00e2niei. Cu toate acestea, depinde de direc\u021bia pe care o va lua depresiunea secundar\u0103 de suprafa\u021b\u0103, arat\u0103 sursa citat\u0103.<\/p>\n<p>Spre sf\u00e2r\u0219itul s\u0103pt\u0103m\u00e2nii, va veni o mas\u0103 de aer mai cald \u00een sudul Europei \u0219i spre Peninsula Balcanic\u0103.<\/p>","protected":false},"excerpt":{"rendered":"<p>O depresiune extins\u0103 va ap\u0103rea deasupra Europei, din cauza intruziunii de vreme mult mai rece&hellip;<\/p>\n","protected":false},"author":0,"featured_media":8243,"comment_status":"open","ping_status":"open","sticky":false,"template":"","format":"standard","meta":{"footnotes":""},"categories":[2],"tags":[],"class_list":["post-8242","post","type-post","status-publish","format-standard","has-post-thumbnail","hentry","category-actual"],"_links":{"self":[{"href":"https:\/\/247stiri.ro\/index.php\/wp-json\/wp\/v2\/posts\/8242","targetHints":{"allow":["GET"]}}],"collection":[{"href":"https:\/\/247stiri.ro\/index.php\/wp-json\/wp\/v2\/posts"}],"about":[{"href":"https:\/\/247stiri.ro\/index.php\/wp-json\/wp\/v2\/types\/post"}],"replies":[{"embeddable":true,"href":"https:\/\/247stiri.ro\/index.php\/wp-json\/wp\/v2\/comments?post=8242"}],"version-history":[{"count":0,"href":"https:\/\/247stiri.ro\/index.php\/wp-json\/wp\/v2\/posts\/8242\/revisions"}],"wp:featuredmedia":[{"embeddable":true,"href":"https:\/\/247stiri.ro\/index.php\/wp-json\/wp\/v2\/media\/8243"}],"wp:attachment":[{"href":"https:\/\/247stiri.ro\/index.php\/wp-json\/wp\/v2\/media?parent=8242"}],"wp:term":[{"taxonomy":"category","embeddable":true,"href":"https:\/\/247stiri.ro\/index.php\/wp-json\/wp\/v2\/categories?post=8242"},{"taxonomy":"post_tag","embeddable":true,"href":"https:\/\/247stiri.ro\/index.php\/wp-json\/wp\/v2\/tags?post=8242"}],"curies":[{"name":"wp","href":"https:\/\/api.w.org\/{rel}","templated":true}]}}