{"id":8246,"date":"2024-11-18T10:45:30","date_gmt":"2024-11-18T10:45:30","guid":{"rendered":"https:\/\/247stiri.ro\/index.php\/2024\/11\/18\/anaf-le-da-noi-batai-de-cap-micilor-contribuabili-ce-este-declaratia-d-406-saf-t-care-devine-obligatorie-de-anul-viitor\/"},"modified":"2024-11-18T10:45:30","modified_gmt":"2024-11-18T10:45:30","slug":"anaf-le-da-noi-batai-de-cap-micilor-contribuabili-ce-este-declaratia-d-406-saf-t-care-devine-obligatorie-de-anul-viitor","status":"publish","type":"post","link":"https:\/\/247stiri.ro\/index.php\/2024\/11\/18\/anaf-le-da-noi-batai-de-cap-micilor-contribuabili-ce-este-declaratia-d-406-saf-t-care-devine-obligatorie-de-anul-viitor\/","title":{"rendered":"ANAF le d\u0103 noi b\u0103t\u0103i de cap  micilor contribuabili. Ce este declara\u021bia D 406 SAF-T, care devine obligatorie de anul viitor?"},"content":{"rendered":"<p>&#8222;\u00cencep\u00e2nd cu data de 01 ianuarie 2025, intr\u0103 \u00een vigoare obliga\u0163ia contribuabililor mici de a depune la organul fiscal central declara\u0163ia cuprinz\u00e2nd informa\u0163ii din eviden\u0163a contabil\u0103 \u015fi fiscal\u0103, denumit\u0103 Declara\u0163ia informativ\u0103 D406 (SAF-T), conform prevederilor legale. Modelul declara\u0163iei este prev\u0103zut \u00een Anexa nr. 2 a Ordinului Pre\u015fedintelui ANAF nr.1783\/2021 privind natura informa\u0163iilor pe care contribuabilul\/pl\u0103titorul trebuie s\u0103 le declare prin fi\u015fierul standard de control fiscal, modelul de raportare, procedura \u015fi condi\u0163iile de transmitere, precum \u015fi termenele de transmitere \u015fi data\/datele de la care categoriile de contribuabili\/pl\u0103titori sunt obligate s\u0103 transmit\u0103 fi\u015fierul standard de control fiscal, cu modific\u0103rile \u015fi complet\u0103rile ulterioare&#8221;, se arat\u0103 \u00eentr-un comunicat ANAF.<\/p>\n\n<p>\u00a0<\/p>\n<p>Potrivit sursei citate, Declara\u0163ia informativ\u0103 D 406 (SAF-T) este depus\u0103 din 1 ianuarie 2022 de c\u0103tre marii contribuabili \u015fi \u00eencep\u00e2nd cu data de 1 ianuarie 2023 de c\u0103tre contribuabilii mijlocii.<\/p>","protected":false},"excerpt":{"rendered":"<p>&#8222;\u00cencep\u00e2nd cu data de 01 ianuarie 2025, intr\u0103 \u00een vigoare obliga\u0163ia contribuabililor mici de a&hellip;<\/p>\n","protected":false},"author":0,"featured_media":8247,"comment_status":"open","ping_status":"open","sticky":false,"template":"","format":"standard","meta":{"footnotes":""},"categories":[2],"tags":[],"class_list":["post-8246","post","type-post","status-publish","format-standard","has-post-thumbnail","hentry","category-actual"],"_links":{"self":[{"href":"https:\/\/247stiri.ro\/index.php\/wp-json\/wp\/v2\/posts\/8246","targetHints":{"allow":["GET"]}}],"collection":[{"href":"https:\/\/247stiri.ro\/index.php\/wp-json\/wp\/v2\/posts"}],"about":[{"href":"https:\/\/247stiri.ro\/index.php\/wp-json\/wp\/v2\/types\/post"}],"replies":[{"embeddable":true,"href":"https:\/\/247stiri.ro\/index.php\/wp-json\/wp\/v2\/comments?post=8246"}],"version-history":[{"count":0,"href":"https:\/\/247stiri.ro\/index.php\/wp-json\/wp\/v2\/posts\/8246\/revisions"}],"wp:featuredmedia":[{"embeddable":true,"href":"https:\/\/247stiri.ro\/index.php\/wp-json\/wp\/v2\/media\/8247"}],"wp:attachment":[{"href":"https:\/\/247stiri.ro\/index.php\/wp-json\/wp\/v2\/media?parent=8246"}],"wp:term":[{"taxonomy":"category","embeddable":true,"href":"https:\/\/247stiri.ro\/index.php\/wp-json\/wp\/v2\/categories?post=8246"},{"taxonomy":"post_tag","embeddable":true,"href":"https:\/\/247stiri.ro\/index.php\/wp-json\/wp\/v2\/tags?post=8246"}],"curies":[{"name":"wp","href":"https:\/\/api.w.org\/{rel}","templated":true}]}}