{"id":8248,"date":"2024-11-18T10:45:31","date_gmt":"2024-11-18T10:45:31","guid":{"rendered":"https:\/\/247stiri.ro\/index.php\/2024\/11\/18\/anca-alexandrescu-anunta-decizia-radicala-luata-de-familia-prigoana-ce-se-va-intampla-cu-averea-lui-silviu-prigoana\/"},"modified":"2024-11-18T10:45:31","modified_gmt":"2024-11-18T10:45:31","slug":"anca-alexandrescu-anunta-decizia-radicala-luata-de-familia-prigoana-ce-se-va-intampla-cu-averea-lui-silviu-prigoana","status":"publish","type":"post","link":"https:\/\/247stiri.ro\/index.php\/2024\/11\/18\/anca-alexandrescu-anunta-decizia-radicala-luata-de-familia-prigoana-ce-se-va-intampla-cu-averea-lui-silviu-prigoana\/","title":{"rendered":"Anca Alexandrescu anun\u021b\u0103 decizia radical\u0103 luat\u0103 de familia Prigoan\u0103. Ce se va \u00eent\u00e2mpla cu averea lui Silviu Prigoan\u0103"},"content":{"rendered":"<p>\u201eM\u0103 uit\u0103m la voi \u0219i am considerat c\u0103 e de datoria mea s\u0103 intervin s\u0103 spun public despre discu\u021bia pe care am avut-o ieri cu Honorius Prigoan\u0103 pentru memoria domnului Silviu Prigoan\u0103 pe care vreau s\u0103 o p\u0103strez a\u0219a cum a fost \u0219i pentru c\u0103 merit\u0103 s\u0103 se spun\u0103 adev\u0103rul. Am v\u0103zut \u00een ultimele zile tot felul de prostii cum c\u0103 ar tr\u0103i, cum c\u0103 de fapt nu st\u0103tea cu actual\u0103 partenera.<\/p>\n<p>Evident, toate sunt ni\u0219te pove\u0219ti \u00een spa\u021biul public doar pentru audien\u021b\u0103 \u0219i scandal. Nu vreau s\u0103 fac comentarii despre Adriana, pentru c\u0103 este mam\u0103 \u0219i eu sunt mam\u0103 de adolescen\u021bi \u0219i \u00eei \u00een\u021beleg durerea \u0219i sup\u0103rarea \u0219i dorin\u021ba de a fi al\u0103turi de copii. Dar, ieri am discutat mult, foarte mult cu Honorius Prigoan\u0103 la telefon \u0219i pot s\u0103 va spun urm\u0103toarele lucruri: familia a luat decizia c\u0103 timp de un an de zile familia s\u0103 p\u0103streze doliu dup\u0103 moartea tat\u0103lui lor, a\u0219adar nu vor vorbi public un an de acum \u00eencolo.<\/p>\n<p>Vor face demersuri prin avoca\u021bi c\u0103tre CNA pentru a se proteja at\u00e2t ei, c\u00e2t \u0219i pe copiii minori, pentru c\u0103 discu\u021bia din spa\u021biul public din ultima perioada i-a afectat, peste tragedia \u0219i durerea pe care o au. Vor cere ca numele copiilor \u0219i copiii s\u0103 nu mai fie expu\u0219i la televiziuni, pentru c\u0103 sunt afecta\u021bi. Copiii sunt la o \u0219coal\u0103 privat\u0103, deja \u00een\u021beleg c\u0103 psihologul \u0219colii a luat leg\u0103tur\u0103 cu familia \u0219i le-a recomandat, conform manualului de bune practici, copiii s\u0103 r\u0103m\u00e2n\u0103 \u00een acela\u0219i mediu cel pu\u021bin 2 luni de zile, copiii \u00ee\u0219i doresc s\u0103 se \u00eentoarc\u0103 la \u0219coal\u0103, copiii au avut un dialog constant cu mama lor.<\/p>\n<p>Mi-a povestit c\u0103 \u00een seara dup\u0103 ce s-a \u00eent\u00e2mplat tragedia \u0219i mama a venit \u00een fa\u021ba casei cu poli\u021bia \u0219i cu cei de la protec\u021bia copilului, au intrat \u00een cas\u0103, copilul cel mare era \u00een telefon cu mama s\u0103 \u0219i \u00eei spunea uita\u021bi domnilor poli\u021bi\u0219ti, vorbesc cu mama, uita\u021bi-va \u00een telefon, am vorbit de nenum\u0103rate ori. \u00cen\u021beleg c\u0103 fiul cel mic refuz\u0103 s\u0103 mai vorbeasc\u0103, sunt afecta\u021bi, sunt mama de adolescen\u021bi \u0219i \u0219tiu c\u00e2t de mult \u00ee\u0219i doresc copiii s\u0103 nu fie expu\u0219i \u00een spa\u021biul public. \u0218i eu am aceea\u0219i discu\u021bie cu copiii mei \u0219i \u00eei \u00een\u021beleg, pentru c\u0103 merg la \u0219coal\u0103, sunt expu\u0219i, copiii vorbesc, aud acas\u0103, este o presiune \u00een plus pentru ei. Nu \u0219tiu ce se va \u00eent\u00e2mpla, dar cred c\u0103 toate aceste discu\u021bii sunt nedrepte pentru omul care a fost Silviu Prigoan\u0103. Familia mi-a comunicat c\u0103 domnul Prigoan\u0103 i-a preg\u0103tit din timp pentru acest moment, c\u0103 totul a fost nea\u0219teptat, c\u0103 nu s-a a\u0219teptat nimeni, nici el, s\u0103 plece at\u00e2t de devreme.<\/p>\n<p>Avea planuri pentru viitor, avea planuri, mi-a confirmat Honorius, inclusiv s\u0103 se re\u00eentoarc\u0103 \u00een politic\u0103, a\u0219a cum \u00eemi spusese \u0219i \u00een mesajul de cu o sear\u0103 \u00eenainte domnul Prigoan\u0103. Mai mult de at\u00e2t, mi-a spus Honorius c\u0103 a fost foarte prev\u0103z\u0103tor \u0219i a l\u0103sat lucrurile foarte bine puse la punct \u00een a\u0219a fel \u00eenc\u00e2t s\u0103 nu existe discu\u021bii pe marginea averii sau certuri \u00eentre copii sau eventuale partenere de via\u021b\u0103. \u021ain ca imaginea domnului prigoan\u0103 s\u0103 fie cea pe care am cunoscut-o cu to\u021bii \u0219i s\u0103 r\u0103m\u00e2n\u0103 cuvintele frumoase pe care aproape \u00een unanimitate cei care l-au cunoscut le-au spus. Sunt \u0219i \u00een posesia unor imagini cu petrecerile pe care le organiza Silviu Prigoan\u0103 cu finii s\u0103i. Era o bucurie, erau sute de fini, at\u00e2t copii boteza\u021bi, c\u00e2t \u0219i cupluri c\u0103s\u0103torite, cu care se \u00eent\u00e2lnea \u0219i mi-a confirmat Honorius c\u0103 nu s-au mai \u00eent\u00e2mplat aceste \u00eent\u00e2lniri din cauza pandemiei. Atunci s-a oprit aceast\u0103 tradi\u021bie pe care o avea domnul prigoan\u0103, dar to\u021bi aveau o rela\u021bie foarte apropiat\u0103 cu domnia s\u0103\u201d.<\/p>\n<p>\u00centrebat\u0103 de cearta pe averea lui Silviu Prigoan\u0103, \u0219i anume despre anumite declara\u021bii ale unor anumite persoane care spun c\u0103 au mers acas\u0103 cu trupul ne\u00eensufle\u021bit al lui Silviu Prigoan\u0103 pentru a accesa seiful, Anca Alexandrescu a spus ca aceste declara\u021bii sunt false, fiind ni\u0219te prostii.<\/p>\n<p>\u201eEvident c\u0103 sunt prostii, Honorius mi-a spus c\u0103 au avut o \u00een\u021belegere cu doamna Gabriela Lucu\u021bar, tocmai pentru a putea \u00een tihn\u0103 s\u0103 respecte dorin\u021ba tat\u0103lui lor, de a-l \u00eengropa \u00een 24 de ore, f\u0103r\u0103 s\u0103 \u00eel vad\u0103 absolut nimeni, f\u0103r\u0103 s\u0103 fac\u0103 cineva fotografii cu sicriul sau alte chestiuni de genul acesta, a vrut o chestie intim\u0103, doar fiii s\u0103i s\u0103 fie al\u0103turi de el. Asta au f\u0103cut, asta au respectat, \u0219tiu \u0219i din alte surse c\u0103 asta \u0219i-a dorit. Este o specula\u021bie ceea ce apare \u00een spa\u021biul public, repet, sunt tot felul de personaje care \u00ee\u0219i dau cu p\u0103rerea, care spun tot felul de lucruri despre el, nu sunt adev\u0103rate, evident. Sunt convins\u0103 c\u0103 fiii s\u0103i au respectat exact ceea ce \u0219i-a dorit domnia s\u0103. mai mult de at\u00e2t, Honorius mi-a spus \u00eenc\u0103 un lucru foarte important, cum c\u0103 domnul prigoan\u0103 a avut o situa\u021bie material\u0103 foarte precar\u0103, c\u0103 nu s-a \u00eent\u00e2mplat acest lucru. De altfel, copiii minori sunt la o \u0219coal\u0103 privat\u0103 care are costuri destul de mari. Deci nu se confirm\u0103 absolut nimic din ceea ce s-a spus \u00een spa\u021biul public.\u201d, a declarat Anca Alexandrescu, \u00eentr-o interven\u021bie la Realitatea Plus.<\/p>","protected":false},"excerpt":{"rendered":"<p>\u201eM\u0103 uit\u0103m la voi \u0219i am considerat c\u0103 e de datoria mea s\u0103 intervin s\u0103&hellip;<\/p>\n","protected":false},"author":0,"featured_media":8249,"comment_status":"open","ping_status":"open","sticky":false,"template":"","format":"standard","meta":{"footnotes":""},"categories":[2],"tags":[],"class_list":["post-8248","post","type-post","status-publish","format-standard","has-post-thumbnail","hentry","category-actual"],"_links":{"self":[{"href":"https:\/\/247stiri.ro\/index.php\/wp-json\/wp\/v2\/posts\/8248","targetHints":{"allow":["GET"]}}],"collection":[{"href":"https:\/\/247stiri.ro\/index.php\/wp-json\/wp\/v2\/posts"}],"about":[{"href":"https:\/\/247stiri.ro\/index.php\/wp-json\/wp\/v2\/types\/post"}],"replies":[{"embeddable":true,"href":"https:\/\/247stiri.ro\/index.php\/wp-json\/wp\/v2\/comments?post=8248"}],"version-history":[{"count":0,"href":"https:\/\/247stiri.ro\/index.php\/wp-json\/wp\/v2\/posts\/8248\/revisions"}],"wp:featuredmedia":[{"embeddable":true,"href":"https:\/\/247stiri.ro\/index.php\/wp-json\/wp\/v2\/media\/8249"}],"wp:attachment":[{"href":"https:\/\/247stiri.ro\/index.php\/wp-json\/wp\/v2\/media?parent=8248"}],"wp:term":[{"taxonomy":"category","embeddable":true,"href":"https:\/\/247stiri.ro\/index.php\/wp-json\/wp\/v2\/categories?post=8248"},{"taxonomy":"post_tag","embeddable":true,"href":"https:\/\/247stiri.ro\/index.php\/wp-json\/wp\/v2\/tags?post=8248"}],"curies":[{"name":"wp","href":"https:\/\/api.w.org\/{rel}","templated":true}]}}