{"id":8277,"date":"2024-11-18T11:46:10","date_gmt":"2024-11-18T11:46:10","guid":{"rendered":"https:\/\/247stiri.ro\/index.php\/2024\/11\/18\/femeie-atacata-de-un-caine-agresiv-in-timp-ce-se-plimba-pe-o-strada-din-cluj-sotul-victimei-a-depus-o-sesizare-la-primarie\/"},"modified":"2024-11-18T11:46:10","modified_gmt":"2024-11-18T11:46:10","slug":"femeie-atacata-de-un-caine-agresiv-in-timp-ce-se-plimba-pe-o-strada-din-cluj-sotul-victimei-a-depus-o-sesizare-la-primarie","status":"publish","type":"post","link":"https:\/\/247stiri.ro\/index.php\/2024\/11\/18\/femeie-atacata-de-un-caine-agresiv-in-timp-ce-se-plimba-pe-o-strada-din-cluj-sotul-victimei-a-depus-o-sesizare-la-primarie\/","title":{"rendered":"Femeie atacat\u0103 de un c\u00e2ine agresiv, \u00een timp ce se plimba pe o strad\u0103 din Cluj. So\u021bul victimei a depus o sesizare la Prim\u0103rie"},"content":{"rendered":"<p>Femeia ar fi fost mu\u0219cat\u0103 de animal \u00een zona m\u00e2inii. Conform m\u0103turiilor f\u0103cute de so\u021bul femeii, scena \u0219ocant\u0103 s-ar fi petrecut s\u00e2mb\u0103t\u0103 seara, pe o strad\u0103 din Cluj, \u00een timp ce ace\u0219tia se aflau la plimbare. Totul s-a petrecut \u00een doar c\u00e2teva secunde, a sus\u021binut b\u0103rbatul. La incident ar fi fost martor\u0103 \u0219i o trec\u0103toare, care s-a aflat pe strad\u0103 \u00een momentul atacului, relateaz\u0103 \u0218tiri de Cluj.<\/p>\n<p>Clujeanul sus\u021bine c\u0103 animalul a intrat mai apoi \u00eentr-o curte din zon\u0103, semn c\u0103 nu ar fi vorba despre un c\u00e2ine maidanez.<\/p>\n<p>,,\u00cen seara zilei de 16.11.2024, ora 21, am trecut pe strada Plopilor \u00eempreuna cu so\u021bia mea. Fiind sear\u0103, nefiind trafic, ne-am deplasat pe strad\u0103, \u00een plimbare.\u00a0<\/p>\n<p>La un moment dat, f\u0103r\u0103 s\u0103-l vedem, am fost ataca\u021bi de un caine mare, agresiv.\u00a0<\/p>\n<p>So\u021bia a fost mu\u0219cat\u0103 de cotul mainii. La reac\u021bia mea disperat\u0103 (strig\u0103te) c\u00e2inele a intrat pe poarta de la adresa xxxxxx, dup\u0103 care poarta s-a \u00eenchis de c\u0103tre cineva.\u00a0<\/p>\n<p>O doamn\u0103 care trecea \u0219i ea prin zon\u0103 s-a oprit \u00eensp\u0103im\u00e2ntat\u0103 de eveniment, v\u0103z\u00e2nd totul se poate fi martor la ce s-a \u00eent\u00e2mplat.\u00a0<\/p>\n<p>Suntem \u00een stare de \u0219oc de cele \u00eent\u00e2mplate. Iubim animalele de companie dar ne g\u00e2ndim dac\u0103 era so\u021bia singur\u0103 sau copilul nostru &#8211; cel atacat, se putea intampla o tragedie. A\u0219tept cu interes interven\u021bia Poli\u021biei Locale\u201d, se arat\u0103 \u00eentr-o sesizare adresat\u0103 Prim\u0103riei Cluj.<\/p>","protected":false},"excerpt":{"rendered":"<p>Femeia ar fi fost mu\u0219cat\u0103 de animal \u00een zona m\u00e2inii. Conform m\u0103turiilor f\u0103cute de so\u021bul&hellip;<\/p>\n","protected":false},"author":0,"featured_media":8278,"comment_status":"open","ping_status":"open","sticky":false,"template":"","format":"standard","meta":{"footnotes":""},"categories":[2],"tags":[],"class_list":["post-8277","post","type-post","status-publish","format-standard","has-post-thumbnail","hentry","category-actual"],"_links":{"self":[{"href":"https:\/\/247stiri.ro\/index.php\/wp-json\/wp\/v2\/posts\/8277","targetHints":{"allow":["GET"]}}],"collection":[{"href":"https:\/\/247stiri.ro\/index.php\/wp-json\/wp\/v2\/posts"}],"about":[{"href":"https:\/\/247stiri.ro\/index.php\/wp-json\/wp\/v2\/types\/post"}],"replies":[{"embeddable":true,"href":"https:\/\/247stiri.ro\/index.php\/wp-json\/wp\/v2\/comments?post=8277"}],"version-history":[{"count":0,"href":"https:\/\/247stiri.ro\/index.php\/wp-json\/wp\/v2\/posts\/8277\/revisions"}],"wp:featuredmedia":[{"embeddable":true,"href":"https:\/\/247stiri.ro\/index.php\/wp-json\/wp\/v2\/media\/8278"}],"wp:attachment":[{"href":"https:\/\/247stiri.ro\/index.php\/wp-json\/wp\/v2\/media?parent=8277"}],"wp:term":[{"taxonomy":"category","embeddable":true,"href":"https:\/\/247stiri.ro\/index.php\/wp-json\/wp\/v2\/categories?post=8277"},{"taxonomy":"post_tag","embeddable":true,"href":"https:\/\/247stiri.ro\/index.php\/wp-json\/wp\/v2\/tags?post=8277"}],"curies":[{"name":"wp","href":"https:\/\/api.w.org\/{rel}","templated":true}]}}