{"id":8295,"date":"2024-11-18T12:45:35","date_gmt":"2024-11-18T12:45:35","guid":{"rendered":"https:\/\/247stiri.ro\/index.php\/2024\/11\/18\/marcel-ciolacu-intalnire-de-gradul-zero-cu-seful-nato-rusia-e-o-amenintare-uriasa-pentru-romania\/"},"modified":"2024-11-18T12:45:35","modified_gmt":"2024-11-18T12:45:35","slug":"marcel-ciolacu-intalnire-de-gradul-zero-cu-seful-nato-rusia-e-o-amenintare-uriasa-pentru-romania","status":"publish","type":"post","link":"https:\/\/247stiri.ro\/index.php\/2024\/11\/18\/marcel-ciolacu-intalnire-de-gradul-zero-cu-seful-nato-rusia-e-o-amenintare-uriasa-pentru-romania\/","title":{"rendered":"Marcel Ciolacu, \u00eent\u00e2lnire de gradul zero cu \u0219eful NATO: \u201eRusia e o amenin\u021bare uria\u0219\u0103 pentru Rom\u00e2nia\u201d"},"content":{"rendered":"<p>Prim-ministrul Marcel Ciolacu, \u00eenso\u0163it de o delega\u0163ie guvernamental\u0103 din care fac parte ministrul afacerilor externe, Lumini\u0163a Odobescu, \u015fi ministrul ap\u0103r\u0103rii, Angel T\u00eelv\u0103r, se afl\u0103 luni, la Bruxelles, \u00eentr-o vizit\u0103 de lucru, \u00een cadrul c\u0103reia a avut loc prima \u00eent\u00e2lnire a unui oficial rom\u00e2n cu noul secretar general al NATO, Mark Rutte.<\/p>\n<p>\u201eSuntem preg\u0103ti\u0163i s\u0103 contribuim la \u00eent\u0103rirea Alian\u0163ei \u015fi la men\u0163inea unei rela\u0163ii transatlantice c\u00e2t mai solide. Este cu at\u00e2t mai important s\u0103 facem acest lucru, av\u00e2nd \u00een vedere c\u0103 ne confrunt\u0103m cu un context de securitate extrem de complicat. Federa\u0163ia Rus\u0103 a ales s\u0103 devin\u0103 cea mai mare amenin\u0163are la adresa NATO. Rusia a readus r\u0103zboiul \u00een Europa, chiar la grani\u0163ele Rom\u00e2niei, iar acest lucru a crescut nivelul de preocupare \u00een r\u00e2ndul cet\u0103\u0163enilor no\u015ftri. De aceea, suntem aici, \u00een sediul NATO, um\u0103r la um\u0103r, pentru a da un mesaj puternic c\u0103 rom\u00e2nii sunt \u00een siguran\u0163\u0103 \u015fi stabilitate. Rom\u00e2nia face parte din NATO, Alian\u0163a are o prezen\u0163\u0103 consistent\u0103 \u00een Rom\u00e2nia, iar aceasta este garan\u0163ia c\u0103 fiecare centimetru al teritoriului nostru este ap\u0103rat pe deplin\u201d, a declarat premierul Marcel Ciolacu la finalul \u00eent\u00e2lnirii cu Mark Rutte.<\/p>\n<p>\u201eFaptul c\u0103 suntem mai puternici \u00eempreun\u0103 este o realitate, nu doar un slogan. Tocmai de aceea, i-am transmis domnului secretar general recuno\u015ftin\u0163a Rom\u00e2niei at\u00e2t fa\u0163\u0103 de Alia\u0163ii care ne sprijin\u0103 concret, c\u00e2t \u015fi fa\u0163\u0103 de NATO, care a adoptat m\u0103suri dedicate Rom\u00e2niei \u00een domeniul ap\u0103r\u0103rii terestre \u015fi aeriene. Avem o prezen\u0163\u0103 militar\u0103 Aliat\u0103 consistent\u0103 \u00een Rom\u00e2nia, dar i-am solicitat domnului secretar general s\u0103 sprijine suplimentarea \u015fi \u00eent\u0103rirea acestei prezen\u0163e, dar \u015fi consolidarea posturii NATO pe Flancul Estic, la Marea Neagr\u0103. Un astfel de demers este indispensabil pentru o descurajare credibil\u0103 a amenin\u0163\u0103rilor ruse\u015fti\u201d, a mai declarat premierul.<\/p>\n<p>\u015eeful Executivului a postat \u0219i un mesaj pe Facebook dup\u0103 \u00eent\u00e2lnirea oficial\u0103 cu \u0219eful NATO.<\/p>\n<p>\u201eAm avut ast\u0103zi o \u00eentrevedere foarte bun\u0103 cu Secretarul General al NATO, Mark Rutte, \u00een care am discutat despre prezen\u021ba consistent\u0103 a Alian\u021bei \u00een Rom\u00e2nia, ceea ce reprezint\u0103 o garan\u021bie c\u0103 fiecare centimetru al teritoriului nostru este ap\u0103rat pe deplin.<\/p>\n<p>Fiind prima \u00eent\u00e2lnire a acestuia cu un oficial rom\u00e2n, dup\u0103 instalarea la conducerea NATO, l-am asigurat de \u00eentreg sprijinul meu \u0219i al Guvernului pe care \u00eel conduc.Am ar\u0103tat pa\u0219ii concre\u021bi pe care Rom\u00e2nia \u00eei face prin investi\u021biile masive \u00een infrastructura rutier\u0103, feroviar\u0103 \u0219i portuar\u0103. Acestea au un impact pozitiv asupra economiei, faciliteaz\u0103 interconectarea Rom\u00e2niei cu partenerii din NATO \u0219i realizeaz\u0103 conexiunile necesare pentru nevoile de mobilitate militar\u0103 comune.<\/p>\n<p>\u00cen acela\u0219i timp, vom continua s\u0103 aloc\u0103m 2,5 % din PIB pentru ap\u0103rare. Vom lucra \u00eempreun\u0103 pentru ca Uniunea European\u0103 s\u0103 se coordoneze mai mult cu NATO pe dimensiunea industriei de ap\u0103rare, astfel \u00eenc\u00e2t s\u0103 putem dezvolta mai multe proiecte pentru revigorarea industriei de ap\u0103rare rom\u00e2ne\u0219ti\u201d, a transmis Marcel Ciolacu.<\/p>","protected":false},"excerpt":{"rendered":"<p>Prim-ministrul Marcel Ciolacu, \u00eenso\u0163it de o delega\u0163ie guvernamental\u0103 din care fac parte ministrul afacerilor externe,&hellip;<\/p>\n","protected":false},"author":0,"featured_media":8290,"comment_status":"open","ping_status":"open","sticky":false,"template":"","format":"standard","meta":{"footnotes":""},"categories":[2],"tags":[],"class_list":["post-8295","post","type-post","status-publish","format-standard","has-post-thumbnail","hentry","category-actual"],"_links":{"self":[{"href":"https:\/\/247stiri.ro\/index.php\/wp-json\/wp\/v2\/posts\/8295","targetHints":{"allow":["GET"]}}],"collection":[{"href":"https:\/\/247stiri.ro\/index.php\/wp-json\/wp\/v2\/posts"}],"about":[{"href":"https:\/\/247stiri.ro\/index.php\/wp-json\/wp\/v2\/types\/post"}],"replies":[{"embeddable":true,"href":"https:\/\/247stiri.ro\/index.php\/wp-json\/wp\/v2\/comments?post=8295"}],"version-history":[{"count":0,"href":"https:\/\/247stiri.ro\/index.php\/wp-json\/wp\/v2\/posts\/8295\/revisions"}],"wp:featuredmedia":[{"embeddable":true,"href":"https:\/\/247stiri.ro\/index.php\/wp-json\/wp\/v2\/media\/8290"}],"wp:attachment":[{"href":"https:\/\/247stiri.ro\/index.php\/wp-json\/wp\/v2\/media?parent=8295"}],"wp:term":[{"taxonomy":"category","embeddable":true,"href":"https:\/\/247stiri.ro\/index.php\/wp-json\/wp\/v2\/categories?post=8295"},{"taxonomy":"post_tag","embeddable":true,"href":"https:\/\/247stiri.ro\/index.php\/wp-json\/wp\/v2\/tags?post=8295"}],"curies":[{"name":"wp","href":"https:\/\/api.w.org\/{rel}","templated":true}]}}