{"id":8301,"date":"2024-11-18T12:45:35","date_gmt":"2024-11-18T12:45:35","guid":{"rendered":"https:\/\/247stiri.ro\/index.php\/2024\/11\/18\/adolescent-de-17-ani-retinut-dupa-ce-a-amenintat-cu-cutitul-un-baiat-si-l-a-lovit-in-fata-ce-a-urmarit-agresorul-sa-obtina-de-la-victima\/"},"modified":"2024-11-18T12:45:35","modified_gmt":"2024-11-18T12:45:35","slug":"adolescent-de-17-ani-retinut-dupa-ce-a-amenintat-cu-cutitul-un-baiat-si-l-a-lovit-in-fata-ce-a-urmarit-agresorul-sa-obtina-de-la-victima","status":"publish","type":"post","link":"https:\/\/247stiri.ro\/index.php\/2024\/11\/18\/adolescent-de-17-ani-retinut-dupa-ce-a-amenintat-cu-cutitul-un-baiat-si-l-a-lovit-in-fata-ce-a-urmarit-agresorul-sa-obtina-de-la-victima\/","title":{"rendered":"Adolescent de 17 ani, re\u0163inut dup\u0103 ce a amenin\u0163at cu cu\u0163itul un b\u0103iat \u015fi l-a lovit \u00een fa\u0163\u0103. Ce a urm\u0103rit agresorul s\u0103 ob\u021bin\u0103 de la victim\u0103"},"content":{"rendered":"<p>Reprezentan\u0163ii Inspectoratului de Poli\u0163ie al Jude\u0163ului Constan\u0163a au anun\u0163at c\u0103 poli\u0163i\u015ftii Sec\u0163iei 4 au fost anun\u0163a\u0163i, duminic\u0103 seara, cu privire la faptul c\u0103 unui b\u0103iat de 15 ani i-au fost furate c\u0103\u015ftile de c\u0103tre o persoan\u0103 necunoscut\u0103, el fiind amenin\u0163at cu un cu\u0163it, dar \u015fi lovit \u00een zona fe\u0163ei. \u00a0<\/p>\n<p><a href=\"https:\/\/www.realitatea.net\/stiri\/actual\/petrecere-terminata-cu-o-crima-un-tanar-de-18-ani-a-fost-injunghiat-mortal-intro-pensiune-din-apropierea-siretului_6738b13d594b1f60e6381ea2\" target=\"_blank\">Petrecere, terminat\u0103 cu o CRIM\u0102! Un t\u00e2n\u0103r de 18 ani a fost \u00eenjunghiat MORTAL \u00eentr-o pensiune din apropierea Siretului<\/a><\/p>\n<p>\u201eFapta ar fi avut loc pe strada Albatrosului, ulterior persoana b\u0103nuit\u0103 de comiterea acesteia p\u0103r\u0103sind zona. Poli\u0163i\u015ftii deplasa\u0163i la fa\u0163a locului au constatat c\u0103 cele sesizate se confirm\u0103, la fa\u0163a locului fiind dirijate mai multe patrule. Dup\u0103 aproximativ 20 de minute, persoana b\u0103nuit\u0103 de comiterea faptei a fost depistat\u0103 de poli\u0163i\u015fti, fiind vorba de un minor, de 17 ani\u201d, au transmis poli\u0163i\u015ftii.\u00a0\u00a0Agresorul a fost re\u0163inut pentru 24 de ore, pentru t\u00e2lh\u0103rie calificat\u0103.<\/p>\n<p><a href=\"https:\/\/www.realitatea.net\/stiri\/actual\/scene-de-cosmar-in-mijlocul-capitalei-un-pradator-sexual-in-varsta-de-23-de-ani-a-atacat-o-femeie-pe-strada_67347e8f826ffa34dd5a20e2\" target=\"_blank\">Scene de co\u0219mar \u00een mijlocul Capitalei! Un pr\u0103d\u0103tor sexual, \u00een v\u00e2rst\u0103 de 23 de ani, a atacat o femeie pe strad\u0103<\/a><\/p>","protected":false},"excerpt":{"rendered":"<p>Reprezentan\u0163ii Inspectoratului de Poli\u0163ie al Jude\u0163ului Constan\u0163a au anun\u0163at c\u0103 poli\u0163i\u015ftii Sec\u0163iei 4 au fost&hellip;<\/p>\n","protected":false},"author":0,"featured_media":8302,"comment_status":"open","ping_status":"open","sticky":false,"template":"","format":"standard","meta":{"footnotes":""},"categories":[2],"tags":[],"class_list":["post-8301","post","type-post","status-publish","format-standard","has-post-thumbnail","hentry","category-actual"],"_links":{"self":[{"href":"https:\/\/247stiri.ro\/index.php\/wp-json\/wp\/v2\/posts\/8301","targetHints":{"allow":["GET"]}}],"collection":[{"href":"https:\/\/247stiri.ro\/index.php\/wp-json\/wp\/v2\/posts"}],"about":[{"href":"https:\/\/247stiri.ro\/index.php\/wp-json\/wp\/v2\/types\/post"}],"replies":[{"embeddable":true,"href":"https:\/\/247stiri.ro\/index.php\/wp-json\/wp\/v2\/comments?post=8301"}],"version-history":[{"count":0,"href":"https:\/\/247stiri.ro\/index.php\/wp-json\/wp\/v2\/posts\/8301\/revisions"}],"wp:featuredmedia":[{"embeddable":true,"href":"https:\/\/247stiri.ro\/index.php\/wp-json\/wp\/v2\/media\/8302"}],"wp:attachment":[{"href":"https:\/\/247stiri.ro\/index.php\/wp-json\/wp\/v2\/media?parent=8301"}],"wp:term":[{"taxonomy":"category","embeddable":true,"href":"https:\/\/247stiri.ro\/index.php\/wp-json\/wp\/v2\/categories?post=8301"},{"taxonomy":"post_tag","embeddable":true,"href":"https:\/\/247stiri.ro\/index.php\/wp-json\/wp\/v2\/tags?post=8301"}],"curies":[{"name":"wp","href":"https:\/\/api.w.org\/{rel}","templated":true}]}}