{"id":8303,"date":"2024-11-18T12:45:36","date_gmt":"2024-11-18T12:45:36","guid":{"rendered":"https:\/\/247stiri.ro\/index.php\/2024\/11\/18\/nicolae-ciuca-primit-la-viena-de-karl-nehammer-discutii-cruciale-pentru-intrarea-romaniei-in-schengen\/"},"modified":"2024-11-18T12:45:36","modified_gmt":"2024-11-18T12:45:36","slug":"nicolae-ciuca-primit-la-viena-de-karl-nehammer-discutii-cruciale-pentru-intrarea-romaniei-in-schengen","status":"publish","type":"post","link":"https:\/\/247stiri.ro\/index.php\/2024\/11\/18\/nicolae-ciuca-primit-la-viena-de-karl-nehammer-discutii-cruciale-pentru-intrarea-romaniei-in-schengen\/","title":{"rendered":"Nicolae Ciuc\u0103, primit la Viena de Karl Nehammer! Discu\u021bii cruciale pentru intrarea Rom\u00e2niei \u00een Schengen"},"content":{"rendered":"<p>Imaginile arat\u0103 c\u0103 Nicolae Ciuc\u0103 a fost primit de Nehammer la biroul cancelarului, cei doi dau m\u00e2na \u015fi pozeaz\u0103 pentru fotografia oficial\u0103, apoi pre\u015fedintele Senatului a scris \u00een cartea de onoare, iar ulterior a purtat discu\u0163ii bilaterale cu \u015feful guvernului austriac.<\/p>\n<p>\u201eM-am \u00eent\u00e2lnit ast\u0103zi la Viena cu cancelarul Karl Nehammer. Principalul nostru subiect de discu\u021bie a fost aderarea Rom\u00e2niei la spa\u021biul Schengen. Sunt \u00eencrez\u0103tor c\u0103 deciziile finale vor fi luate \u00een cur\u00e2nd la nivel tehnic. Le mul\u021bumesc mini\u0219trilor no\u0219tri de Interne \u0219i Afaceri Externe pentru munca lor continu\u0103 \u00een vederea \u00eencheierii cu succes a procesului de aderare\u201d, a transmis Nicolae Ciuc\u0103.<\/p>\n<p>\u00a0<\/p>\n\n<p>I met today in Vienna with Chancellor <a href=\"https:\/\/twitter.com\/karlnehammer?ref_src=twsrc%5Etfw\">@karlnehammer<\/a>.Our main topic of discussion was Romania\u2019s accession to the Schengen area.I am confident that final decisions will be made at technical level soon.I thank our Ministers of Interior and Foreign Affairs for their continuous\u2026 <a href=\"https:\/\/t.co\/UphdyWZBeC\">pic.twitter.com\/UphdyWZBeC<\/a><\/p>\n<p>\u2014 Nicolae Ionel Ciuc\u0103 (@NicolaeCiuca) <a href=\"https:\/\/twitter.com\/NicolaeCiuca\/status\/1858486541351305706?ref_src=twsrc%5Etfw\">November 18, 2024<\/a><\/p>","protected":false},"excerpt":{"rendered":"<p>Imaginile arat\u0103 c\u0103 Nicolae Ciuc\u0103 a fost primit de Nehammer la biroul cancelarului, cei doi&hellip;<\/p>\n","protected":false},"author":0,"featured_media":8292,"comment_status":"open","ping_status":"open","sticky":false,"template":"","format":"standard","meta":{"footnotes":""},"categories":[2],"tags":[],"class_list":["post-8303","post","type-post","status-publish","format-standard","has-post-thumbnail","hentry","category-actual"],"_links":{"self":[{"href":"https:\/\/247stiri.ro\/index.php\/wp-json\/wp\/v2\/posts\/8303","targetHints":{"allow":["GET"]}}],"collection":[{"href":"https:\/\/247stiri.ro\/index.php\/wp-json\/wp\/v2\/posts"}],"about":[{"href":"https:\/\/247stiri.ro\/index.php\/wp-json\/wp\/v2\/types\/post"}],"replies":[{"embeddable":true,"href":"https:\/\/247stiri.ro\/index.php\/wp-json\/wp\/v2\/comments?post=8303"}],"version-history":[{"count":0,"href":"https:\/\/247stiri.ro\/index.php\/wp-json\/wp\/v2\/posts\/8303\/revisions"}],"wp:featuredmedia":[{"embeddable":true,"href":"https:\/\/247stiri.ro\/index.php\/wp-json\/wp\/v2\/media\/8292"}],"wp:attachment":[{"href":"https:\/\/247stiri.ro\/index.php\/wp-json\/wp\/v2\/media?parent=8303"}],"wp:term":[{"taxonomy":"category","embeddable":true,"href":"https:\/\/247stiri.ro\/index.php\/wp-json\/wp\/v2\/categories?post=8303"},{"taxonomy":"post_tag","embeddable":true,"href":"https:\/\/247stiri.ro\/index.php\/wp-json\/wp\/v2\/tags?post=8303"}],"curies":[{"name":"wp","href":"https:\/\/api.w.org\/{rel}","templated":true}]}}