{"id":831,"date":"2024-10-22T09:46:04","date_gmt":"2024-10-22T09:46:04","guid":{"rendered":"https:\/\/247stiri.ro\/index.php\/2024\/10\/22\/carambol-pe-centura-bucuresti-intre-bragadiru-si-berceni-accident-cu-trei-camioane-si-trei-victime\/"},"modified":"2024-10-22T09:46:04","modified_gmt":"2024-10-22T09:46:04","slug":"carambol-pe-centura-bucuresti-intre-bragadiru-si-berceni-accident-cu-trei-camioane-si-trei-victime","status":"publish","type":"post","link":"https:\/\/247stiri.ro\/index.php\/2024\/10\/22\/carambol-pe-centura-bucuresti-intre-bragadiru-si-berceni-accident-cu-trei-camioane-si-trei-victime\/","title":{"rendered":"Carambol pe Centura Bucure\u0219ti, \u00eentre Bragadiru \u0219i Berceni. Accident cu trei camioane \u0219i trei victime"},"content":{"rendered":"<p>UPDATE 12:27 &#8211; Camionul transporta \u00eengr\u0103\u0219\u0103minte agricole. Acestea au fost deversate pe carosabil. Nu reprezint\u0103 un pericol pentru popula\u021bie.<\/p>\n<p>Vor fi luate m\u0103suri pentru cur\u0103\u021barea acestora de pe carosabil.<\/p>\n<p>UPDATE 12:26 &#8211; \u00cen urma accidentului de pe A0, 3 victime con\u0219tiente sunt \u00een grija echipajelor de prim-ajutor. Victima \u00eencarcerat\u0103 prezint\u0103 leziuni incompatibile cu via\u021ba, se lucreaz\u0103 \u00een continuare la extragerea acesteia.<\/p>\n<p>Traficul este blocat pe autostrad\u0103, pe sensul spre Bragadiru.<\/p>\n<p>\u201eIntervenim \u00een urma unui accident rutier, ce s-a produs pe autostrada A0, segmentul dintre localitatea Berceni \u0219i Bragadiru, unde au fost implicate trei autotrenuri.<\/p>\n<p>Unul dintre autotrenuri este r\u0103sturnat cu persoan\u0103 \u00eencarcerat\u0103, se lucreaz\u0103 la extragerea acesteia.<\/p>\n<p>Intervenim cu 2 autospeciale de stingere cu ap\u0103 \u0219i spum\u0103, o autospecial\u0103 de descarcerare, Deta\u0219amentul Special de Salvatori, autospecial\u0103 CBRN, autospecial\u0103 de transport robo\u021bi \u0219i 2 echipaje SMURD\u201d, se arat\u0103 \u00een comunicatul celor de la ISU. <\/p>","protected":false},"excerpt":{"rendered":"<p>UPDATE 12:27 &#8211; Camionul transporta \u00eengr\u0103\u0219\u0103minte agricole. Acestea au fost deversate pe carosabil. Nu reprezint\u0103&hellip;<\/p>\n","protected":false},"author":0,"featured_media":832,"comment_status":"open","ping_status":"open","sticky":false,"template":"","format":"standard","meta":{"footnotes":""},"categories":[2],"tags":[],"class_list":["post-831","post","type-post","status-publish","format-standard","has-post-thumbnail","hentry","category-actual"],"_links":{"self":[{"href":"https:\/\/247stiri.ro\/index.php\/wp-json\/wp\/v2\/posts\/831","targetHints":{"allow":["GET"]}}],"collection":[{"href":"https:\/\/247stiri.ro\/index.php\/wp-json\/wp\/v2\/posts"}],"about":[{"href":"https:\/\/247stiri.ro\/index.php\/wp-json\/wp\/v2\/types\/post"}],"replies":[{"embeddable":true,"href":"https:\/\/247stiri.ro\/index.php\/wp-json\/wp\/v2\/comments?post=831"}],"version-history":[{"count":0,"href":"https:\/\/247stiri.ro\/index.php\/wp-json\/wp\/v2\/posts\/831\/revisions"}],"wp:featuredmedia":[{"embeddable":true,"href":"https:\/\/247stiri.ro\/index.php\/wp-json\/wp\/v2\/media\/832"}],"wp:attachment":[{"href":"https:\/\/247stiri.ro\/index.php\/wp-json\/wp\/v2\/media?parent=831"}],"wp:term":[{"taxonomy":"category","embeddable":true,"href":"https:\/\/247stiri.ro\/index.php\/wp-json\/wp\/v2\/categories?post=831"},{"taxonomy":"post_tag","embeddable":true,"href":"https:\/\/247stiri.ro\/index.php\/wp-json\/wp\/v2\/tags?post=831"}],"curies":[{"name":"wp","href":"https:\/\/api.w.org\/{rel}","templated":true}]}}