{"id":8316,"date":"2024-11-18T13:45:48","date_gmt":"2024-11-18T13:45:48","guid":{"rendered":"https:\/\/247stiri.ro\/index.php\/2024\/11\/18\/pnl-continua-sa-apere-drepturile-militarilor-liberalii-nu-se-lasa-si-explica-de-ce-majorarea-pensiilor-militare-e-constitutionala\/"},"modified":"2024-11-18T13:45:48","modified_gmt":"2024-11-18T13:45:48","slug":"pnl-continua-sa-apere-drepturile-militarilor-liberalii-nu-se-lasa-si-explica-de-ce-majorarea-pensiilor-militare-e-constitutionala","status":"publish","type":"post","link":"https:\/\/247stiri.ro\/index.php\/2024\/11\/18\/pnl-continua-sa-apere-drepturile-militarilor-liberalii-nu-se-lasa-si-explica-de-ce-majorarea-pensiilor-militare-e-constitutionala\/","title":{"rendered":"PNL continu\u0103 s\u0103 apere drepturile militarilor. Liberalii nu se las\u0103 \u0219i explic\u0103 de ce majorarea pensiilor militare e constitu\u021bional\u0103"},"content":{"rendered":"<p>&#8222;Partidul Na\u021bional Liberal prin grupurile sale parlamentare au \u00eenregistrat ast\u0103zi la Curtea Constitu\u021bional\u0103 un memoriu, un amicus curiae \u00een sprijinul pensionarilor militari, \u00een sensul \u00een care demont\u0103m prin acest document toate argumentele aduse de Avocatul Poporului, argumente pe care le consider\u0103m ne\u00eentemeiate, pentru c\u0103 \u00een mod evident nu au o justificare nici \u00een Constitu\u021bie \u0219i nici \u00een lege&#8221;, anun\u021b\u0103 Gabriel Andronache, liderul deputa\u021bilor liberali.<\/p>\n<p>Acesta explic\u0103 faptul c\u0103 prin acest memoriu PNL arat\u0103 c\u0103 invocarea faptului c\u0103 nu a fost depus\u0103 o fi\u0219\u0103 financiar\u0103 nu reprezint\u0103 un argument care s\u0103 conduc\u0103 la declararea legii ca fiind neconstitu\u021bional\u0103. Aceast\u0103 fi\u0219\u0103 financiar\u0103 a fost solicitat\u0103, dar ea nu poate fi un impediment \u00een adoptarea unei reglement\u0103ri legale, at\u00e2ta vreme c\u00e2t Guvernul a spus clar c\u0103 nu sus\u021bine aceast\u0103 lege, sus\u021bine Andronache.<\/p>\n<p>&#8222;Nici argumentul legat de lipsa cooper\u0103rii&#8221; loiale \u00eentre Parlament \u0219i Guvern nu poate fi invocat\u0103. Tot din aceast\u0103 perspectiv\u0103, Guvernul a spus c\u0103 nu sus\u021bine aceast\u0103 reglementare \u0219i ca atare vorbim despre o neconformitate, eventual cel mult, ci nu un element de neconstitu\u021bionalitate. Apoi, Avocatul Poporului invoc\u0103 articolul 138, aliniatul cinci, ca element de neconstitu\u021bionalitate. Nici acest argument nu poate fi sus\u021binut, pentru c\u0103 am ar\u0103tat prin amicus curie faptul c\u0103 vorbim despre o situa\u021bie \u00een care constituanta, atunci c\u00e2nd a reglementat dispozi\u021bia referitoare la necesitatea ar\u0103t\u0103rii sursei din care se va face plata dup\u0103 adoptarea legii, aceast\u0103 chestiune a fost invocat\u0103 pentru a exista o certitudine cu privire la plata acestor reglement\u0103ri. \u00cen cazul legii noastre, vorbim despre o chestiune care va fi \u00een vigoare \u00eencep\u00e2nd cu 01\/01\/2025 \u0219i, prin urmare, va fi cuprins\u0103 sursa de finan\u021bare \u00een legea bugetului de stat pe anul 2025&#8243;, arat\u0103 liderul parlamentarilor PNL din Camera Deputa\u021bilor.<\/p>\n<p>Acesta face referire \u0219i la un alt aspect invocat de Avocatul Poporului, referitor la excep\u021bia care a fost reglementat\u0103 privind demnitarii, \u00een sensul c\u0103 acestora nu li se actualizeaz\u0103 pensia pe durata mandatului.<\/p>\n<p>&#8222;Nici acest argument nu poate fi invocat ca motiv de neconstitu\u021bionalitate. Din aceea\u0219i cauz\u0103, vorbim despre o norm\u0103 care este determinat\u0103, se refer\u0103 la o categorie determinat\u0103 de persoane \u0219i totodat\u0103 se aplic\u0103 pe o perioad\u0103 determinat\u0103 de timp, situa\u021bie \u00een care argumentul Avocatului Poporului nu se sus\u021bine. Am demontat practic toate elementele invocate \u00een sesizarea de neconstitu\u021bionalitate a Avocatului Poporului \u0219i noi suntem optimi\u0219ti c\u0103 judec\u0103torii Cur\u021bii Constitu\u021bionale vor respinge aceast\u0103 sesizare, urm\u00e2nd ca legea s\u0103 devin\u0103 o reglementare promulgabil\u0103 la dispozi\u021bia Pre\u0219edintelui Rom\u00e2niei.&#8221;<\/p>\n<p>\u00a0<\/p>","protected":false},"excerpt":{"rendered":"<p>&#8222;Partidul Na\u021bional Liberal prin grupurile sale parlamentare au \u00eenregistrat ast\u0103zi la Curtea Constitu\u021bional\u0103 un memoriu,&hellip;<\/p>\n","protected":false},"author":0,"featured_media":8317,"comment_status":"open","ping_status":"open","sticky":false,"template":"","format":"standard","meta":{"footnotes":""},"categories":[3],"tags":[],"class_list":["post-8316","post","type-post","status-publish","format-standard","has-post-thumbnail","hentry","category-politica"],"_links":{"self":[{"href":"https:\/\/247stiri.ro\/index.php\/wp-json\/wp\/v2\/posts\/8316","targetHints":{"allow":["GET"]}}],"collection":[{"href":"https:\/\/247stiri.ro\/index.php\/wp-json\/wp\/v2\/posts"}],"about":[{"href":"https:\/\/247stiri.ro\/index.php\/wp-json\/wp\/v2\/types\/post"}],"replies":[{"embeddable":true,"href":"https:\/\/247stiri.ro\/index.php\/wp-json\/wp\/v2\/comments?post=8316"}],"version-history":[{"count":0,"href":"https:\/\/247stiri.ro\/index.php\/wp-json\/wp\/v2\/posts\/8316\/revisions"}],"wp:featuredmedia":[{"embeddable":true,"href":"https:\/\/247stiri.ro\/index.php\/wp-json\/wp\/v2\/media\/8317"}],"wp:attachment":[{"href":"https:\/\/247stiri.ro\/index.php\/wp-json\/wp\/v2\/media?parent=8316"}],"wp:term":[{"taxonomy":"category","embeddable":true,"href":"https:\/\/247stiri.ro\/index.php\/wp-json\/wp\/v2\/categories?post=8316"},{"taxonomy":"post_tag","embeddable":true,"href":"https:\/\/247stiri.ro\/index.php\/wp-json\/wp\/v2\/tags?post=8316"}],"curies":[{"name":"wp","href":"https:\/\/api.w.org\/{rel}","templated":true}]}}