{"id":8340,"date":"2024-11-18T14:46:35","date_gmt":"2024-11-18T14:46:35","guid":{"rendered":"https:\/\/247stiri.ro\/index.php\/2024\/11\/18\/catalin-predoiu-si-omologul-austriac-discutii-tot-mai-avansate-despre-aderarea-romaniei-la-schengen\/"},"modified":"2024-11-18T14:46:35","modified_gmt":"2024-11-18T14:46:35","slug":"catalin-predoiu-si-omologul-austriac-discutii-tot-mai-avansate-despre-aderarea-romaniei-la-schengen","status":"publish","type":"post","link":"https:\/\/247stiri.ro\/index.php\/2024\/11\/18\/catalin-predoiu-si-omologul-austriac-discutii-tot-mai-avansate-despre-aderarea-romaniei-la-schengen\/","title":{"rendered":"C\u0103t\u0103lin Predoiu \u0219i omologul austriac, discu\u021bii tot mai avansate despre aderarea Rom\u00e2niei la Schengen"},"content":{"rendered":"<p>\u201eDiscu\u0163iile au relevat contribu\u0163ia Rom\u00e2niei \u015fi Austriei \u00een asigurarea securit\u0103\u0163ii frontierelor externe ale UE, \u00een combaterea migra\u0163iei ilegale \u015fi a criminalit\u0103\u0163ii transfrontaliere, inclusiv pe componenta de dimensiune extern\u0103, pentru o abordare preventive\u201d, potrivit site-ului Ministerului Afacerilor Interne (MAI).<\/p>\n<p>C\u0103t\u0103lin Predoiu a subliniat faptul c\u0103 Decizia privind Air \u015fi Maritime Schengen a fost implementat\u0103 impecabil, f\u0103r\u0103 nicio sincop\u0103, \u015fi c\u0103 Rom\u00e2nia, prin MAI, respectiv Poli\u0163ia de Frontier\u0103, a redus substan\u0163ial nivelul migra\u0163iei ilegale la frontierele na\u0163ionale. De asemenea, toate aspectele convenite \u00een plan bilateral cu Austria se aplic\u0103 cu rezultate foarte bune.<\/p>\n<p>\u201eMinistrul Predoiu a reafirmat angajamentul Rom\u00e2niei de a men\u0163ine, \u015fi pe viitor, practici sigure \u015fi eficiente de gestionare a frontierelor, de a aplica toate procedurile Schengen \u015fi de a contribui de manier\u0103 semnificativ\u0103 la eforturile UE de combatere c\u00e2t mai eficient\u0103 a criminalit\u0103\u0163ii transfrontaliere\u201d, arat\u0103 sursa citat\u0103.<\/p>","protected":false},"excerpt":{"rendered":"<p>\u201eDiscu\u0163iile au relevat contribu\u0163ia Rom\u00e2niei \u015fi Austriei \u00een asigurarea securit\u0103\u0163ii frontierelor externe ale UE, \u00een&hellip;<\/p>\n","protected":false},"author":0,"featured_media":8337,"comment_status":"open","ping_status":"open","sticky":false,"template":"","format":"standard","meta":{"footnotes":""},"categories":[3],"tags":[],"class_list":["post-8340","post","type-post","status-publish","format-standard","has-post-thumbnail","hentry","category-politica"],"_links":{"self":[{"href":"https:\/\/247stiri.ro\/index.php\/wp-json\/wp\/v2\/posts\/8340","targetHints":{"allow":["GET"]}}],"collection":[{"href":"https:\/\/247stiri.ro\/index.php\/wp-json\/wp\/v2\/posts"}],"about":[{"href":"https:\/\/247stiri.ro\/index.php\/wp-json\/wp\/v2\/types\/post"}],"replies":[{"embeddable":true,"href":"https:\/\/247stiri.ro\/index.php\/wp-json\/wp\/v2\/comments?post=8340"}],"version-history":[{"count":0,"href":"https:\/\/247stiri.ro\/index.php\/wp-json\/wp\/v2\/posts\/8340\/revisions"}],"wp:featuredmedia":[{"embeddable":true,"href":"https:\/\/247stiri.ro\/index.php\/wp-json\/wp\/v2\/media\/8337"}],"wp:attachment":[{"href":"https:\/\/247stiri.ro\/index.php\/wp-json\/wp\/v2\/media?parent=8340"}],"wp:term":[{"taxonomy":"category","embeddable":true,"href":"https:\/\/247stiri.ro\/index.php\/wp-json\/wp\/v2\/categories?post=8340"},{"taxonomy":"post_tag","embeddable":true,"href":"https:\/\/247stiri.ro\/index.php\/wp-json\/wp\/v2\/tags?post=8340"}],"curies":[{"name":"wp","href":"https:\/\/api.w.org\/{rel}","templated":true}]}}