{"id":8391,"date":"2024-11-18T16:57:03","date_gmt":"2024-11-18T16:57:03","guid":{"rendered":"https:\/\/247stiri.ro\/index.php\/2024\/11\/18\/individ-arestat-pentru-30-de-zile-a-amenintat-o-persoana-cu-un-briceag-la-alba-iulia\/"},"modified":"2024-11-18T16:57:03","modified_gmt":"2024-11-18T16:57:03","slug":"individ-arestat-pentru-30-de-zile-a-amenintat-o-persoana-cu-un-briceag-la-alba-iulia","status":"publish","type":"post","link":"https:\/\/247stiri.ro\/index.php\/2024\/11\/18\/individ-arestat-pentru-30-de-zile-a-amenintat-o-persoana-cu-un-briceag-la-alba-iulia\/","title":{"rendered":"Individ arestat pentru 30 de zile: a amenin\u021bat o persoan\u0103 cu un briceag la Alba Iulia"},"content":{"rendered":"<p><a href=\"https:\/\/www.realitatea.net\/stiri\/actual\/roman-arestat-dupa-ce-sia-agresat-sotia-barbatul-de-60-de-ani-a-incalat-ordinul-de-restrictie_6731e7697e05fa5d0d0de869\" target=\"_blank\">Incidentul a avut loc<\/a> \u00een noaptea de 16 noiembrie 2024, \u00een jurul orei 00:24, \u00een fa\u021ba unui bloc din municipiul Alba Iulia.<\/p>\n<p>Ce au transmis oamenii legii<\/p>\n<p>Potrivit procurorilor de la Parchetul de pe l\u00e2ng\u0103 Judec\u0103toria Alba Iulia, agresorul a pus briceagul la g\u00e2tul victimei, pe fondul nemul\u021bumirii c\u0103 aceasta nu i-a procurat substan\u021be interzise, cu efect psihoactiv, a\u0219a cum \u00eei promisese. \u00cen timpul amenin\u021b\u0103rii, b\u0103rbatul i-a furat victimei telefonul mobil \u0219i un pachet de \u021big\u0103ri.<\/p>\n<p>Poli\u021bi\u0219tii au fost alerta\u021bi printr-un apel la 112, iar \u00een urma interven\u021biei, agresorul a fost re\u021binut. Acesta a fost adus \u00een fa\u021ba instan\u021bei, iar Judec\u0103toria Alba Iulia a dispus arestarea sa preventiv\u0103 pentru 30 de zile.<\/p>\n<p><a href=\"https:\/\/www.realitatea.net\/stiri\/actual\/roman-arestat-dupa-amenintari-cu-moartea-si-agresiuni-violente-ia-infipt-cutitul-in-scuter-unui-barbat-si-sia-supus-fosta-partenera-la-violente-extreme_672e48479f20ea73364ef592\" target=\"_blank\">Cazul continu\u0103 s\u0103 fie cercetat de autorit\u0103\u021bi,<\/a> care analizeaz\u0103 \u00een continuare circumstan\u021bele exacte ale agresiunii \u0219i motivele care au dus la acest act violent.<\/p>","protected":false},"excerpt":{"rendered":"<p>Incidentul a avut loc \u00een noaptea de 16 noiembrie 2024, \u00een jurul orei 00:24, \u00een&hellip;<\/p>\n","protected":false},"author":0,"featured_media":8392,"comment_status":"open","ping_status":"open","sticky":false,"template":"","format":"standard","meta":{"footnotes":""},"categories":[2],"tags":[],"class_list":["post-8391","post","type-post","status-publish","format-standard","has-post-thumbnail","hentry","category-actual"],"_links":{"self":[{"href":"https:\/\/247stiri.ro\/index.php\/wp-json\/wp\/v2\/posts\/8391","targetHints":{"allow":["GET"]}}],"collection":[{"href":"https:\/\/247stiri.ro\/index.php\/wp-json\/wp\/v2\/posts"}],"about":[{"href":"https:\/\/247stiri.ro\/index.php\/wp-json\/wp\/v2\/types\/post"}],"replies":[{"embeddable":true,"href":"https:\/\/247stiri.ro\/index.php\/wp-json\/wp\/v2\/comments?post=8391"}],"version-history":[{"count":0,"href":"https:\/\/247stiri.ro\/index.php\/wp-json\/wp\/v2\/posts\/8391\/revisions"}],"wp:featuredmedia":[{"embeddable":true,"href":"https:\/\/247stiri.ro\/index.php\/wp-json\/wp\/v2\/media\/8392"}],"wp:attachment":[{"href":"https:\/\/247stiri.ro\/index.php\/wp-json\/wp\/v2\/media?parent=8391"}],"wp:term":[{"taxonomy":"category","embeddable":true,"href":"https:\/\/247stiri.ro\/index.php\/wp-json\/wp\/v2\/categories?post=8391"},{"taxonomy":"post_tag","embeddable":true,"href":"https:\/\/247stiri.ro\/index.php\/wp-json\/wp\/v2\/tags?post=8391"}],"curies":[{"name":"wp","href":"https:\/\/api.w.org\/{rel}","templated":true}]}}