{"id":8393,"date":"2024-11-18T16:57:04","date_gmt":"2024-11-18T16:57:04","guid":{"rendered":"https:\/\/247stiri.ro\/index.php\/2024\/11\/18\/modificare-majora-in-magazine-ce-se-intampla-cu-bonul-fiscal-atunci-cand-platesti-cu-cardul\/"},"modified":"2024-11-18T16:57:04","modified_gmt":"2024-11-18T16:57:04","slug":"modificare-majora-in-magazine-ce-se-intampla-cu-bonul-fiscal-atunci-cand-platesti-cu-cardul","status":"publish","type":"post","link":"https:\/\/247stiri.ro\/index.php\/2024\/11\/18\/modificare-majora-in-magazine-ce-se-intampla-cu-bonul-fiscal-atunci-cand-platesti-cu-cardul\/","title":{"rendered":"Modificare major\u0103 \u00een magazine! Ce se \u00eent\u00e2mpl\u0103 cu bonul fiscal atunci c\u00e2nd pl\u0103te\u0219ti cu cardul?"},"content":{"rendered":"<p>Operatorii economici sunt scuti\u0163i de obliga\u0163ia de a elibera, din oficiu, bon fiscal la plata cu cardul, prevede un proiect adoptat luni de plenul Camerei Deputa\u0163ilor.<\/p>\n<p>\u00a0<\/p>\n\n<p>Propunerea legislativ\u0103, adoptat\u0103 cu 163 de voturi &#8222;pentru&#8221; \u015fi 51 de ab\u0163ineri, are ca obiect de reglementare modificarea \u015fi completarea art.1 din OUG nr.28\/1999 privind obliga\u0163ia operatorilor economici de a utiliza aparate de marcat electronice fiscale, republicat\u0103, cu modific\u0103rile \u015fi complet\u0103rile ulterioare. Astfel, solu\u0163iile legislative preconizate au \u00een vedere eliminarea obliga\u0163iei utilizatorilor aparatelor de marcat electronice fiscale de a elibera, din oficiu, bon fiscal pentru \u00eencas\u0103rile realizate prin utilizarea cardurilor de credit\/debit, \u00een principal \u00een scopul optimiz\u0103rii opera\u0163iunilor \u015fi a reducerii costurilor aferente, consecutiv a stimul\u0103rii inova\u0163iei \u015fi dezvolt\u0103rii tehnologice.Prin excep\u0163ie de la dispozi\u0163iile prev\u0103zute de proiect, \u00een cazul echipamentelor nesupravegheate de tipul automatelor comerciale ce func\u0163ioneaz\u0103 exclusiv pe baz\u0103 de pl\u0103\u0163i cu cardul, aparatul de marcat electronic fiscal nu este obligatoriu.Deputa\u0163ii au adoptat un amendament, ini\u0163ial respins, care modific\u0103 articolul 319 (referitor la facturare), alin.(10) lit.a) din Legea nr. 227\/2015 privind Codul Fiscal, potrivit c\u0103ruia persoana impozabil\u0103 este scutit\u0103 de obliga\u0163ia emiterii facturii pentru mai multe opera\u0163iuni, cu excep\u0163ia cazului \u00een care beneficiarul solicit\u0103 factura, \u00eentre acestea fiind livr\u0103rile de bunuri prin magazinele de comer\u0163 cu am\u0103nuntul \u015fi prest\u0103rile de servicii c\u0103tre popula\u0163ie, pentru care este obligatorie emiterea de bonuri fiscale, precum \u015fi livr\u0103rile de bunuri \u015fi prest\u0103rile de servicii c\u0103tre popula\u0163ie efectuate prin echipamente nesupravegheate de tipul automatelor comerciale ce func\u0163ioneaz\u0103 exclusiv pe baz\u0103 de pl\u0103\u0163i cu cardul, conform OUG nr. 28\/1999 privind obliga\u0163ia operatorilor economici de a utiliza aparate de marcat electronice fiscale, republicat\u0103, cu modific\u0103rile \u015fi complet\u0103rile ulterioare.Scopul acestui ultim amendament este acela de a simplifica opera\u0163iunile comerciale aferente tranzac\u0163iilor efectuate prin carduri de credit sau debit. \u00cen contextul modific\u0103rii legisla\u0163iei care elimin\u0103 obliga\u0163ia de a emite bon fiscal pentru aceste tranzac\u0163ii, este necesar s\u0103 elimin\u0103m \u015fi obliga\u0163ia de a emite factur\u0103, pentru a evita suprapunerea unor proceduri administrative inutile, arat\u0103 \u00een motivare ini\u0163iatoarea acestuia, deputata USR Cristina Prun\u0103. Emiterea unei facturi \u00een locul bonului fiscal ar crea o povar\u0103 birocratic\u0103 suplimentar\u0103 pentru comercian\u0163i, contrar\u0103 obiectivului de simplificare pe care proiectul de lege \u00eel urm\u0103re\u015fte. \u00cen acest sens, amendamentul propus urm\u0103re\u015fte s\u0103 asigure o fluidizare a tranzac\u0163iilor realizate prin carduri, men\u0163in\u00e2nd posibilitatea emiterii unei facturi doar la cererea expres\u0103 a clientului, \u00een conformitate cu bunele practici comerciale \u015fi cerin\u0163ele de transparen\u0163\u0103 fiscal\u0103. &#8222;Acest amendament se aliniaz\u0103 eforturilor de modernizare \u015fi digitalizare a economiei, sprijinind at\u00e2t comercian\u0163ii, c\u00e2t \u015fi consumatorii prin simplificarea proceselor asociate tranzac\u0163iilor electronice&#8221;, precizeaz\u0103 motivarea.Senatul, \u00een calitate de prim\u0103 Camer\u0103 sesizat\u0103, a respins propunerea legislativ\u0103 \u00een \u015fedin\u0163a din 9 octombrie 2023, Camera Deputa\u0163ilor fiind for decizional.\u00a0<\/p>","protected":false},"excerpt":{"rendered":"<p>Operatorii economici sunt scuti\u0163i de obliga\u0163ia de a elibera, din oficiu, bon fiscal la plata&hellip;<\/p>\n","protected":false},"author":0,"featured_media":8394,"comment_status":"open","ping_status":"open","sticky":false,"template":"","format":"standard","meta":{"footnotes":""},"categories":[2],"tags":[],"class_list":["post-8393","post","type-post","status-publish","format-standard","has-post-thumbnail","hentry","category-actual"],"_links":{"self":[{"href":"https:\/\/247stiri.ro\/index.php\/wp-json\/wp\/v2\/posts\/8393","targetHints":{"allow":["GET"]}}],"collection":[{"href":"https:\/\/247stiri.ro\/index.php\/wp-json\/wp\/v2\/posts"}],"about":[{"href":"https:\/\/247stiri.ro\/index.php\/wp-json\/wp\/v2\/types\/post"}],"replies":[{"embeddable":true,"href":"https:\/\/247stiri.ro\/index.php\/wp-json\/wp\/v2\/comments?post=8393"}],"version-history":[{"count":0,"href":"https:\/\/247stiri.ro\/index.php\/wp-json\/wp\/v2\/posts\/8393\/revisions"}],"wp:featuredmedia":[{"embeddable":true,"href":"https:\/\/247stiri.ro\/index.php\/wp-json\/wp\/v2\/media\/8394"}],"wp:attachment":[{"href":"https:\/\/247stiri.ro\/index.php\/wp-json\/wp\/v2\/media?parent=8393"}],"wp:term":[{"taxonomy":"category","embeddable":true,"href":"https:\/\/247stiri.ro\/index.php\/wp-json\/wp\/v2\/categories?post=8393"},{"taxonomy":"post_tag","embeddable":true,"href":"https:\/\/247stiri.ro\/index.php\/wp-json\/wp\/v2\/tags?post=8393"}],"curies":[{"name":"wp","href":"https:\/\/api.w.org\/{rel}","templated":true}]}}