{"id":8432,"date":"2024-11-18T19:44:48","date_gmt":"2024-11-18T19:44:48","guid":{"rendered":"https:\/\/247stiri.ro\/index.php\/2024\/11\/18\/geoana-despre-vizita-la-moscova-in-2009-m-am-dus-intr-o-vizita-exploratorie\/"},"modified":"2024-11-18T19:44:48","modified_gmt":"2024-11-18T19:44:48","slug":"geoana-despre-vizita-la-moscova-in-2009-m-am-dus-intr-o-vizita-exploratorie","status":"publish","type":"post","link":"https:\/\/247stiri.ro\/index.php\/2024\/11\/18\/geoana-despre-vizita-la-moscova-in-2009-m-am-dus-intr-o-vizita-exploratorie\/","title":{"rendered":"Geoan\u0103, despre vizita la Moscova, \u00een 2009: \u201eM-am dus \u00eentr-o vizit\u0103 exploratorie\u201d"},"content":{"rendered":"<p><a href=\"https:\/\/www.realitatea.net\/stiri\/actual\/mircea-geoana-este-de-acord-ca-ucraina-sa-ramana-fara-bucati-din-teritoriu-in-numele-unei-paci-juste_673b929bfdcda41d174f45d3\" target=\"_blank\">Fostul pre\u0219edinte al Senatului \u0219i candidat la preziden\u021biale<\/a> a explicat de ce a ales s\u0103 se \u00eent\u00e2lneasc\u0103 cu oficialii ru\u0219i \u00eentr-un moment considerat delicat din punct de vedere politic, subliniind c\u0103 scopul vizitei nu a fost unul oficial, ci mai degrab\u0103 \u201eexploratoriu\u201d.<\/p>\n<p>\u201eEu am f\u0103cut diploma\u021bie timp de mul\u021bi ani de zile. Atunci c\u00e2nd Rusia se afla \u00een parteneriat strategic cu NATO \u2013 acest lucru face parte din apanajul liderilor. Mai bine m\u0103 duc eu la Moscova dec\u00e2t s\u0103 vin\u0103 rusul aici \u0219i s\u0103 uite s\u0103 mai plece. M-am dus \u00eentr-o vizit\u0103 privat\u0103, exploratorie, \u00een calitate de candidat la pre\u0219edin\u021bie.\u201d, a transmis Mircea Geoan\u0103.<\/p>\n<p><a href=\"https:\/\/www.realitatea.net\/stiri\/politica\/romania-prin-ochii-lui-mircea-geoana-raspunsul-candidatului-la-prezidentiale-pus-sa-compare-tara-noastra-cu-o-femeie_6731cca3d4d742387c6399c2\" target=\"_blank\">Geoan\u0103 a clarificat<\/a> c\u0103 deplasarea sa la Moscova nu a avut un caracter oficial, de\u0219i atunci ocupa func\u021bia de pre\u0219edinte al Senatului \u0219i era implicat activ \u00een politica interna\u021bional\u0103.\u00a0<\/p>","protected":false},"excerpt":{"rendered":"<p>Fostul pre\u0219edinte al Senatului \u0219i candidat la preziden\u021biale a explicat de ce a ales s\u0103&hellip;<\/p>\n","protected":false},"author":0,"featured_media":8433,"comment_status":"open","ping_status":"open","sticky":false,"template":"","format":"standard","meta":{"footnotes":""},"categories":[3],"tags":[],"class_list":["post-8432","post","type-post","status-publish","format-standard","has-post-thumbnail","hentry","category-politica"],"_links":{"self":[{"href":"https:\/\/247stiri.ro\/index.php\/wp-json\/wp\/v2\/posts\/8432","targetHints":{"allow":["GET"]}}],"collection":[{"href":"https:\/\/247stiri.ro\/index.php\/wp-json\/wp\/v2\/posts"}],"about":[{"href":"https:\/\/247stiri.ro\/index.php\/wp-json\/wp\/v2\/types\/post"}],"replies":[{"embeddable":true,"href":"https:\/\/247stiri.ro\/index.php\/wp-json\/wp\/v2\/comments?post=8432"}],"version-history":[{"count":0,"href":"https:\/\/247stiri.ro\/index.php\/wp-json\/wp\/v2\/posts\/8432\/revisions"}],"wp:featuredmedia":[{"embeddable":true,"href":"https:\/\/247stiri.ro\/index.php\/wp-json\/wp\/v2\/media\/8433"}],"wp:attachment":[{"href":"https:\/\/247stiri.ro\/index.php\/wp-json\/wp\/v2\/media?parent=8432"}],"wp:term":[{"taxonomy":"category","embeddable":true,"href":"https:\/\/247stiri.ro\/index.php\/wp-json\/wp\/v2\/categories?post=8432"},{"taxonomy":"post_tag","embeddable":true,"href":"https:\/\/247stiri.ro\/index.php\/wp-json\/wp\/v2\/tags?post=8432"}],"curies":[{"name":"wp","href":"https:\/\/api.w.org\/{rel}","templated":true}]}}