{"id":8442,"date":"2024-11-18T19:44:50","date_gmt":"2024-11-18T19:44:50","guid":{"rendered":"https:\/\/247stiri.ro\/index.php\/2024\/11\/18\/marcel-ciolacu-anuntul-momentului-nou-sef-al-nato-va-veni-in-romania\/"},"modified":"2024-11-18T19:44:50","modified_gmt":"2024-11-18T19:44:50","slug":"marcel-ciolacu-anuntul-momentului-nou-sef-al-nato-va-veni-in-romania","status":"publish","type":"post","link":"https:\/\/247stiri.ro\/index.php\/2024\/11\/18\/marcel-ciolacu-anuntul-momentului-nou-sef-al-nato-va-veni-in-romania\/","title":{"rendered":"Marcel Ciolacu, anun\u021bul momentului. Nou \u0219ef al NATO va veni \u00een Rom\u00e2nia"},"content":{"rendered":"<p>\u201eNu e prima oar\u0103 c\u00e2nd o spun, politica \u00een acest moment nu \u021bine cont de cine-i de st\u00e2nga \u0219i cine-i de dreapta. Politica \u00een acest moment este despre securitate \u0219i despre economie. Am fost primul oficial care am avut o discu\u021bie cu Mark Rutte. A fost o discu\u021bie foarte deschis\u0103 de la \u00eenceput p\u00e2n\u0103 la sf\u00e2r\u0219it. Am pus toate punctele \u0219i am reconfirmat faptul c\u0103 Rom\u00e2nia va continua s\u0103 sus\u021bin\u0103 necondi\u021bionat Ucraina \u00een r\u0103zboiul cu Federa\u021bia Rus\u0103. Ne bucur\u0103m de faptul c\u0103 pre\u0219edinta Maia Sandu a rec\u00e2\u0219tigat un mandat \u00een R. Moldova, dar din punct de vedere al securit\u0103\u021bii regionale, lucrurile sunt foarte \u00eenc\u0103rcate. Am f\u0103cut o analiz\u0103 la zi, am \u00eencercat \u0219i s\u0103 anticip\u0103m anumite lucruri \u00een viitor. Exist\u0103 \u0219i o promisiune foarte clar\u0103 c\u0103 prima vizit\u0103 oficial\u0103 anul viitor a secretarului general Mark Rutte va fi \u00een Rom\u00e2nia. P\u00e2n\u0103 \u00een luna mai oricum \u0219i \u021bara gazd\u0103, dar \u0219i Fran\u021ba, care este \u021bara cadru, vor \u00eenainta s\u0103 ridic\u0103m contingentul de militari la nivel de brigad\u0103. Am vorbit foarte mult \u0219i despre \u00eenzestrare, despre faptul c\u0103 Rom\u00e2nia \u00ee\u0219i men\u021bine promisiunea de a avea \u0219i \u00een bugetul viitor 2,5% aloca\u021bi pentru ap\u0103rare. \u00cen ceea ce prive\u0219te rachetele cu raz\u0103 lung\u0103 de ac\u021biune, p\u00e2n\u0103 la 300 km. Acceptul nu trebuie s\u0103 \u00eel dea \u00een mod direct vreo \u021bar\u0103 membr\u0103 NATO. Acceptul \u00eel dau \u021b\u0103rile care au contribuit \u0219i au donat Ucrainei acest tip de tehnic\u0103 militar\u0103. Acele \u021b\u0103ri sunt SUA \u0219i Fran\u021ba. Ele au trebuit s\u0103 \u00ee\u0219i dea acceptul. \u0218i \u0219i-au dat acceptul dar a\u021bi v\u0103zut c\u0103 a fost un accept condi\u021bionat ca \u021bintele s\u0103 fie anumite baze militare, mai ales cele care se doresc a fi cu solda\u021bi din Coreea de Nord. V\u0103 reamintesc c\u0103 niciun soldat din vreo \u021bar\u0103 membr\u0103 NATO nu s-a implicat direct \u00een r\u0103zboiul din Ucraina\u201d, a spus Marcel Ciolacu.<\/p>\n<p>\u201eDomnia sa a mai fost \u00een Rom\u00e2nia, a mai fost la Cincu, \u0219i cunoa\u0219te foarte bine importan\u021ba Rom\u00e2niei \u00een acest moment \u00een contextul acestei crize geostrategice\u201d, a mai spus Ciolacu.<\/p>\n<p>Premierul a mai spus c\u0103 Mark Rutte nu a adus vorba de candidatura lui Klaus Iohannis la NATO. \u201eA fost foarte deschis \u0219i bucuros c\u0103 avem acest contact direct. Am f\u0103cut schimb de numere de telefon ca s\u0103 \u021binem leg\u0103tura direct\u0103\u201d, a mai spus Ciolacu.<\/p>\n<p>Marcel Ciolacu: \u201eNu am avut nici \u00eempreun\u0103, nici separat cu ministrul Ap\u0103r\u0103rii \u0219i cu domnul secretar general \u0219i nici cu oficialit\u0103\u021bile tehnice cu care ne-am \u00eent\u00e2lnit ast\u0103zi nu am f\u0103cut scenarii de acest gen. Presupun c\u0103 suntem totu\u0219i \u00eentr-un r\u0103zboi tactic \u0219i s\u0103 l\u0103s\u0103m lucrurile s\u0103 curg\u0103 \u00een acest sens, fiindc\u0103 exist\u0103, cum a fost \u00een R. Moldova un r\u0103zboi hibrid. \u00cen acest moment, este \u0219i un r\u0103zboi tactic. Revin, niciun stat membru NATO nu s-a implicat cu solda\u021bi \u00een mod direct \u00een conflictul din Ucraina.\u201d\u201e\u00cen acest moment, secretarul general Mark Rutte are discu\u021bii \u0219i a avut mai multe discu\u021bii cu pre\u0219edintele ales Donald Trump, dar eu nu cred c\u0103 acceptul Statelor Unite ar fi fost dat de actualul pre\u0219edinte al Statelor Unite, f\u0103r\u0103 s\u0103 fi avut o discu\u021bie \u0219i cu pre\u0219edintele ales. S\u0103 l\u0103s\u0103m totu\u0219i la nivelul lor s\u0103 aib\u0103 aceste discu\u021bii. Normal c\u0103 Rom\u00e2nia este \u00eengrijorat\u0103, lucru pe care l-am \u0219i transmis, pentru c\u0103 avem cea mai lung\u0103 grani\u021b\u0103 terestr\u0103 cu Ucraina. Avem securitatea M\u0103rii Negre at\u00e2t de important\u0103 pentru noi, dar \u0219i pentru economia european\u0103 \u0219i mondial\u0103. 10% din comer\u021b este \u00een tranzit prin Marea Neagr\u0103. Cu adev\u0103rat, am avut o discu\u021bie mai aplicat\u0103, geostrategic\u0103 \u00een acest moment, cum se v\u0103d lucrurile din punctul nostru de vedere. Nu am avut discu\u021bii aplicate despre discu\u021biile dintre secretarul general \u0219i pre\u0219edintele ales Donald Trump. Categoric, partenerul strategic al Rom\u00e2niei, Statele Unite, vom continua discu\u021biile \u0219i eu nu cred \u00een schimb\u0103ri peste noapte strategice \u00een acest moment.\u201d<\/p>","protected":false},"excerpt":{"rendered":"<p>\u201eNu e prima oar\u0103 c\u00e2nd o spun, politica \u00een acest moment nu \u021bine cont de&hellip;<\/p>\n","protected":false},"author":0,"featured_media":8430,"comment_status":"open","ping_status":"open","sticky":false,"template":"","format":"standard","meta":{"footnotes":""},"categories":[2],"tags":[],"class_list":["post-8442","post","type-post","status-publish","format-standard","has-post-thumbnail","hentry","category-actual"],"_links":{"self":[{"href":"https:\/\/247stiri.ro\/index.php\/wp-json\/wp\/v2\/posts\/8442","targetHints":{"allow":["GET"]}}],"collection":[{"href":"https:\/\/247stiri.ro\/index.php\/wp-json\/wp\/v2\/posts"}],"about":[{"href":"https:\/\/247stiri.ro\/index.php\/wp-json\/wp\/v2\/types\/post"}],"replies":[{"embeddable":true,"href":"https:\/\/247stiri.ro\/index.php\/wp-json\/wp\/v2\/comments?post=8442"}],"version-history":[{"count":0,"href":"https:\/\/247stiri.ro\/index.php\/wp-json\/wp\/v2\/posts\/8442\/revisions"}],"wp:featuredmedia":[{"embeddable":true,"href":"https:\/\/247stiri.ro\/index.php\/wp-json\/wp\/v2\/media\/8430"}],"wp:attachment":[{"href":"https:\/\/247stiri.ro\/index.php\/wp-json\/wp\/v2\/media?parent=8442"}],"wp:term":[{"taxonomy":"category","embeddable":true,"href":"https:\/\/247stiri.ro\/index.php\/wp-json\/wp\/v2\/categories?post=8442"},{"taxonomy":"post_tag","embeddable":true,"href":"https:\/\/247stiri.ro\/index.php\/wp-json\/wp\/v2\/tags?post=8442"}],"curies":[{"name":"wp","href":"https:\/\/api.w.org\/{rel}","templated":true}]}}