{"id":8446,"date":"2024-11-18T19:44:50","date_gmt":"2024-11-18T19:44:50","guid":{"rendered":"https:\/\/247stiri.ro\/index.php\/2024\/11\/18\/george-simion-nu-vrea-sa-bage-romania-in-zona-euro-nici-guvernatorul-bnr-nu-si-doreste\/"},"modified":"2024-11-18T19:44:50","modified_gmt":"2024-11-18T19:44:50","slug":"george-simion-nu-vrea-sa-bage-romania-in-zona-euro-nici-guvernatorul-bnr-nu-si-doreste","status":"publish","type":"post","link":"https:\/\/247stiri.ro\/index.php\/2024\/11\/18\/george-simion-nu-vrea-sa-bage-romania-in-zona-euro-nici-guvernatorul-bnr-nu-si-doreste\/","title":{"rendered":"George Simion nu vrea s\u0103 bage Rom\u00e2nia \u00een Zona Euro: \u201eNici guvernatorul BNR nu-\u0219i dore\u0219te\u201d"},"content":{"rendered":"<p>Pre\u015fedintele AUR \u015fi candidatul forma\u0163iunii la pre\u015fedin\u0163ia Rom\u00e2niei, George Simion, afirm\u0103 c\u0103 nu ar \u00eencuraja, dac\u0103 ar fi ales pre\u015fedinte, intrarea Rom\u00e2niei \u00een zona Euro. Simion declar\u0103 c\u0103 nu este \u00eempotriva Uniunii Europene, dar sus\u0163ine nu doar suveranitatea na\u0163ional\u0103, ci \u015fi pe cea monetar\u0103.<\/p>\n<p>Candidatul independent Mircea Geoan\u0103 l-a \u00eentrebat pe George Simion care sunt criteriile Tratatului de Maastricht privind aderarea la zona Euro.\u00a0\u00a0George Simion nu a r\u0103spuns, concret, la \u00eentrebare, \u00eens\u0103 a subliniat c\u0103 nu ar sus\u0163ine, ca \u015fef al statului, aderarea Rom\u00e2niei la zona Euro.\u00a0\u201dNu consider c\u0103 Rom\u00e2nia trebuie s\u0103 ias\u0103 din Uniunea European\u0103. AUR nu pledeaz\u0103 pentru renun\u0163area la suveranitatea na\u0163ional\u0103 \u015fi suveranitate monetar\u0103 \u015fi noi nu consider\u0103m c\u0103 Rom\u00e2nia trebuie s\u0103 intre \u00een acest moment \u00een zona Euro. (&#8230;) Nu ne oblig\u0103 nimeni s\u0103 ader\u0103m la zona Euro \u015fi atunci eu, ca pre\u015fedinte, nu voi \u00eencuraja Banca Na\u0163ional\u0103, care \u00een acest moment este condus\u0103 de un guvernator care nici el nu \u00ee\u015fi dore\u015fte s\u0103 renun\u0163\u0103m la suveranitate monetar\u0103\u201d, a afirmat George Simion \u00een dezbaterea organizat\u0103 de Digi 24, luni sear\u0103.\u00a0Simion a admis c\u0103 \u201de nevoie de un deficit bugetar c\u00e2t mai mic\u201d.\u00a0\u00a0\u201dMai departe, cu Marcel Ciolacu ca premier deficitul bugetar nu va sc\u0103dea, ci va cre\u015fte\u201d, a spus Simion.<\/p>","protected":false},"excerpt":{"rendered":"<p>Pre\u015fedintele AUR \u015fi candidatul forma\u0163iunii la pre\u015fedin\u0163ia Rom\u00e2niei, George Simion, afirm\u0103 c\u0103 nu ar \u00eencuraja,&hellip;<\/p>\n","protected":false},"author":0,"featured_media":8437,"comment_status":"open","ping_status":"open","sticky":false,"template":"","format":"standard","meta":{"footnotes":""},"categories":[2],"tags":[],"class_list":["post-8446","post","type-post","status-publish","format-standard","has-post-thumbnail","hentry","category-actual"],"_links":{"self":[{"href":"https:\/\/247stiri.ro\/index.php\/wp-json\/wp\/v2\/posts\/8446","targetHints":{"allow":["GET"]}}],"collection":[{"href":"https:\/\/247stiri.ro\/index.php\/wp-json\/wp\/v2\/posts"}],"about":[{"href":"https:\/\/247stiri.ro\/index.php\/wp-json\/wp\/v2\/types\/post"}],"replies":[{"embeddable":true,"href":"https:\/\/247stiri.ro\/index.php\/wp-json\/wp\/v2\/comments?post=8446"}],"version-history":[{"count":0,"href":"https:\/\/247stiri.ro\/index.php\/wp-json\/wp\/v2\/posts\/8446\/revisions"}],"wp:featuredmedia":[{"embeddable":true,"href":"https:\/\/247stiri.ro\/index.php\/wp-json\/wp\/v2\/media\/8437"}],"wp:attachment":[{"href":"https:\/\/247stiri.ro\/index.php\/wp-json\/wp\/v2\/media?parent=8446"}],"wp:term":[{"taxonomy":"category","embeddable":true,"href":"https:\/\/247stiri.ro\/index.php\/wp-json\/wp\/v2\/categories?post=8446"},{"taxonomy":"post_tag","embeddable":true,"href":"https:\/\/247stiri.ro\/index.php\/wp-json\/wp\/v2\/tags?post=8446"}],"curies":[{"name":"wp","href":"https:\/\/api.w.org\/{rel}","templated":true}]}}