{"id":8447,"date":"2024-11-18T19:44:50","date_gmt":"2024-11-18T19:44:50","guid":{"rendered":"https:\/\/247stiri.ro\/index.php\/2024\/11\/18\/elena-lasconi-o-noua-gafa-de-proportii-nu-stie-ce-este-si-daca-a-fost-activat-vreodata-articolul-5-din-nato\/"},"modified":"2024-11-18T19:44:50","modified_gmt":"2024-11-18T19:44:50","slug":"elena-lasconi-o-noua-gafa-de-proportii-nu-stie-ce-este-si-daca-a-fost-activat-vreodata-articolul-5-din-nato","status":"publish","type":"post","link":"https:\/\/247stiri.ro\/index.php\/2024\/11\/18\/elena-lasconi-o-noua-gafa-de-proportii-nu-stie-ce-este-si-daca-a-fost-activat-vreodata-articolul-5-din-nato\/","title":{"rendered":"Elena Lasconi, o nou\u0103 gaf\u0103 de propor\u021bii. Nu \u0219tie ce este \u0219i dac\u0103 a fost activat vreodat\u0103 Articolul 5 din NATO"},"content":{"rendered":"<p>Elena Lasconi, candidatul USR, a adus \u00een discu\u021bie activarea articolului 5 \u201dpentru prima dat\u0103 \u00een istoria NATO\u201d,\u00a0 aricol care a fost deja activat \u00een anul 2001 c\u00e2nd au avut loc atacurile teroriste din SUA.<\/p>\n<p>O situa\u021bie extrem de periculoas\u0103 ar fi articolul 5 care nu a fost niciodat\u0103 \u00eenc\u0103lcat de c\u00e2nd exist\u0103 NATO. Trebuie s\u0103 privim cu mare aten\u021bie ce se \u00eent\u00e2mpl\u0103 \u00een Ucraina \u0219i Moldova \u0219i s\u0103 sprijinim Ucraina \u0219i s\u0103 aloc\u0103m acel procent din PIB pentru ap\u0103rare, a spus Elena Lasconi.<\/p>\n<p>Mircea Geoan\u0103, candidat independent la alegerile prezinden\u021biale, i-a atras aten\u021bia Elenei Lasconi \u0219i a adus \u00een discu\u021bie activarea articolului 5 \u00een data de 11 septembrie 2001, dup\u0103 atacul terorist din SUA.<\/p>\n<p>Cu regret v\u0103 spun articolul 5 a fost activiat o singur\u0103 dat\u0103 pentru SUA, c\u00e2nd au fost atacurile din 11 septembrie, iar ca no\u021biuni de securitate na\u021bional\u0103, nu cred c\u0103 sunte\u021bi preg\u0103tit\u0103\u201d, a spus Mircea Geoan\u0103.<\/p>","protected":false},"excerpt":{"rendered":"<p>Elena Lasconi, candidatul USR, a adus \u00een discu\u021bie activarea articolului 5 \u201dpentru prima dat\u0103 \u00een&hellip;<\/p>\n","protected":false},"author":0,"featured_media":8439,"comment_status":"open","ping_status":"open","sticky":false,"template":"","format":"standard","meta":{"footnotes":""},"categories":[2],"tags":[],"class_list":["post-8447","post","type-post","status-publish","format-standard","has-post-thumbnail","hentry","category-actual"],"_links":{"self":[{"href":"https:\/\/247stiri.ro\/index.php\/wp-json\/wp\/v2\/posts\/8447","targetHints":{"allow":["GET"]}}],"collection":[{"href":"https:\/\/247stiri.ro\/index.php\/wp-json\/wp\/v2\/posts"}],"about":[{"href":"https:\/\/247stiri.ro\/index.php\/wp-json\/wp\/v2\/types\/post"}],"replies":[{"embeddable":true,"href":"https:\/\/247stiri.ro\/index.php\/wp-json\/wp\/v2\/comments?post=8447"}],"version-history":[{"count":0,"href":"https:\/\/247stiri.ro\/index.php\/wp-json\/wp\/v2\/posts\/8447\/revisions"}],"wp:featuredmedia":[{"embeddable":true,"href":"https:\/\/247stiri.ro\/index.php\/wp-json\/wp\/v2\/media\/8439"}],"wp:attachment":[{"href":"https:\/\/247stiri.ro\/index.php\/wp-json\/wp\/v2\/media?parent=8447"}],"wp:term":[{"taxonomy":"category","embeddable":true,"href":"https:\/\/247stiri.ro\/index.php\/wp-json\/wp\/v2\/categories?post=8447"},{"taxonomy":"post_tag","embeddable":true,"href":"https:\/\/247stiri.ro\/index.php\/wp-json\/wp\/v2\/tags?post=8447"}],"curies":[{"name":"wp","href":"https:\/\/api.w.org\/{rel}","templated":true}]}}