{"id":8448,"date":"2024-11-18T19:44:50","date_gmt":"2024-11-18T19:44:50","guid":{"rendered":"https:\/\/247stiri.ro\/index.php\/2024\/11\/18\/spitalul-regional-de-oncologie-din-iasi-sta-pe-un-adevarat-sit-arheologic-ce-au-gasit-cercetatorii-sub-unitatea-medicala\/"},"modified":"2024-11-18T19:44:50","modified_gmt":"2024-11-18T19:44:50","slug":"spitalul-regional-de-oncologie-din-iasi-sta-pe-un-adevarat-sit-arheologic-ce-au-gasit-cercetatorii-sub-unitatea-medicala","status":"publish","type":"post","link":"https:\/\/247stiri.ro\/index.php\/2024\/11\/18\/spitalul-regional-de-oncologie-din-iasi-sta-pe-un-adevarat-sit-arheologic-ce-au-gasit-cercetatorii-sub-unitatea-medicala\/","title":{"rendered":"Spitalul Regional de Oncologie din Iasi st\u0103 pe un adev\u0103rat sit arheologic. Ce au g\u0103sit cercet\u0103torii sub unitatea medical\u0103"},"content":{"rendered":"<p>Directorul Agen\u0163iei de Dezvoltare a Infrastructurii pentru S\u0103n\u0103tate (ANDIS), Adrian Popa, afirm\u0103, prin intermediul unei post\u0103ri pe re\u0163ele de socializare, c\u0103 \u00een cadrul cercet\u0103rilor arheologice de pe amplasamentul viitorului Spital Regional de Urgen\u0163\u0103 din Ia\u015fi, cercet\u0103torii Institutului de Arheologie al Academiei Rom\u00e2ne, filiala Ia\u015fi, au descoperit mai multe complexe dat\u00e2nd din preistorie.Conform sursei citate, echipa Institutului de Arheologie, condus\u0103 de dr. M\u0103riuca Vornicu, a reu\u015fit s\u0103 atribuie vestigiile, pe baza resturilor ceramice descoperite \u00een timpul s\u0103p\u0103turilor arheologice, culturii arheologice Horodi\u015ftea-Erbiceni, dat\u0103 la circa 3.500 \u00ee.Hr.<\/p>\n<p>&#8222;Aceast\u0103 cultur\u0103 arheologic\u0103 reprezint\u0103 o leg\u0103tur\u0103 important\u0103 \u00eentre sf\u00e2r\u015fitul culturii Cucuteni (Eneolitic) \u015fi \u00eenceputul Epocii Bronzului. \u00cen acea perioad\u0103 au avut loc schimb\u0103ri sociale importante \u00een \u00eentreaga Europ\u0103 \u015fi, de asemenea, \u00een regiunea carpatic\u0103, prin afluxul de popula\u0163ii venite din zonele nord pontice, aflux care a remodelat harta genetic\u0103 a acestei p\u0103r\u0163i din Lumea Veche. De remarcat sunt gropile care, conform estim\u0103rilor ini\u0163iale, pot fi interpretate ca monumente funerare, con\u0163in\u00e2nd r\u0103m\u0103\u015fi\u0163ele a cel pu\u0163in 14 indivizi. Cel pu\u0163in o parte dintre morminte sunt \u00eenmorm\u00e2nt\u0103ri secundare. Dup\u0103 terminarea cercet\u0103rilor arheologice, resturile umane din gropile descoperite urmeaz\u0103 s\u0103 fie examinate \u00een ceea ce prive\u015fte modul lor de via\u0163\u0103, cauza mor\u0163ii \u015fi bolile lor patologie, folosind metode moderne de cercetare \u015ftiin\u0163ific\u0103, analize ADN, analize izotopice, examin\u0103ri antropologice&#8221;, men\u0163ioneaz\u0103 Adrian Popa, \u00een postarea pe Facebook.<\/p>\n<p><a title=\"Legendele uriasilor care au trait pe teritoriul Romaniei. Cat adevar si cat mit este in aceste povesti? \" href=\"https:\/\/www.realitatea.net\/stiri\/ultimele-stiri\/legendele-uriasilor-care-au-trait-pe-teritoriul-romaniei-cat-adevar-si-cat-mit-este-in-aceste-povesti_6735c524c549704ef7555e72\">Legendele uria\u0219ilor care au tr\u0103it pe teritoriul Rom\u00e2niei. C\u00e2t adev\u0103r \u0219i c\u00e2t mit este \u00een aceste pove\u0219ti?<\/a>Contactat telefonic, directorul ANDIS a declarat, pentru Agerpres, c\u0103 descoperirile arheologice nu vor afecta continuarea lucr\u0103rilor la SRU Ia\u015fi.&#8221;Lucr\u0103rile nu sunt afectate. Zona este cumva separat\u0103. Acolo vor fi \u00eemprejmuirea \u015fi pompele de c\u0103ldur\u0103, lucr\u0103ri care vor fi executate \u00een ultima parte din proiect. Nu afecteaz\u0103 funda\u0163ia. Ea poate fi turnat\u0103, lucr\u0103rile la cl\u0103dire pot fi \u00eencepute \u015fi se pot desf\u0103\u015fura \u00een paralel. Ce e bine e faptul c\u0103 desc\u0103rc\u0103rile arheologice nu au scos la iveal\u0103 a\u015fez\u0103minte care ar fi putut stopa lucr\u0103rile. Deocamdat\u0103 suntem \u00eentr-un scenariu optimist&#8221;, a explicat ANDIS, Adrian Popa.<\/p>\n<p><a title=\"Alerta alimentara: Morcovi organici, contaminati cu o bacterie periculoasa. O persoana a murit si zeci de oameni au ajuns la spital \" href=\"https:\/\/www.realitatea.net\/stiri\/actual\/alerta-alimentara-morcovi-organici-contaminati-cu-o-bacterie-periculoasa-o-persoana-a-murit-si-zeci-de-oameni-au-ajuns-la-spital_673b50440247d22f7942c27a\">Alert\u0103 alimentar\u0103: Morcovi organici, contamina\u021bi cu o bacterie periculoas\u0103. O persoan\u0103 a murit \u0219i zeci de oameni au ajuns la spital<\/a><\/p>","protected":false},"excerpt":{"rendered":"<p>Directorul Agen\u0163iei de Dezvoltare a Infrastructurii pentru S\u0103n\u0103tate (ANDIS), Adrian Popa, afirm\u0103, prin intermediul unei&hellip;<\/p>\n","protected":false},"author":0,"featured_media":8449,"comment_status":"open","ping_status":"open","sticky":false,"template":"","format":"standard","meta":{"footnotes":""},"categories":[2],"tags":[],"class_list":["post-8448","post","type-post","status-publish","format-standard","has-post-thumbnail","hentry","category-actual"],"_links":{"self":[{"href":"https:\/\/247stiri.ro\/index.php\/wp-json\/wp\/v2\/posts\/8448","targetHints":{"allow":["GET"]}}],"collection":[{"href":"https:\/\/247stiri.ro\/index.php\/wp-json\/wp\/v2\/posts"}],"about":[{"href":"https:\/\/247stiri.ro\/index.php\/wp-json\/wp\/v2\/types\/post"}],"replies":[{"embeddable":true,"href":"https:\/\/247stiri.ro\/index.php\/wp-json\/wp\/v2\/comments?post=8448"}],"version-history":[{"count":0,"href":"https:\/\/247stiri.ro\/index.php\/wp-json\/wp\/v2\/posts\/8448\/revisions"}],"wp:featuredmedia":[{"embeddable":true,"href":"https:\/\/247stiri.ro\/index.php\/wp-json\/wp\/v2\/media\/8449"}],"wp:attachment":[{"href":"https:\/\/247stiri.ro\/index.php\/wp-json\/wp\/v2\/media?parent=8448"}],"wp:term":[{"taxonomy":"category","embeddable":true,"href":"https:\/\/247stiri.ro\/index.php\/wp-json\/wp\/v2\/categories?post=8448"},{"taxonomy":"post_tag","embeddable":true,"href":"https:\/\/247stiri.ro\/index.php\/wp-json\/wp\/v2\/tags?post=8448"}],"curies":[{"name":"wp","href":"https:\/\/api.w.org\/{rel}","templated":true}]}}