{"id":8450,"date":"2024-11-18T19:44:51","date_gmt":"2024-11-18T19:44:51","guid":{"rendered":"https:\/\/247stiri.ro\/index.php\/2024\/11\/18\/alegeri-2024-retragerea-lui-orban-reactii-ale-contracandidatilor\/"},"modified":"2024-11-18T19:44:51","modified_gmt":"2024-11-18T19:44:51","slug":"alegeri-2024-retragerea-lui-orban-reactii-ale-contracandidatilor","status":"publish","type":"post","link":"https:\/\/247stiri.ro\/index.php\/2024\/11\/18\/alegeri-2024-retragerea-lui-orban-reactii-ale-contracandidatilor\/","title":{"rendered":"Alegeri 2024. Retragerea lui Orban. Reac\u021bii ale contracandida\u021bilor"},"content":{"rendered":"<p>Candida\u0163ii la Pre\u015fedin\u0163ie au reac\u0163ionat, dup\u0103 ce pre\u015fedintele For\u0163ei Dreptei, Ludovic Orban, a anun\u0163at c\u0103 se retrage din cursa electoral\u0103 \u015fi o sus\u0163ine pe Elena Lasconi. \u00cen timp ce Kelemen Hunor, liderul UDMR, consider\u0103 c\u0103 retragerea e o decizie \u201dinteresant\u0103\u201d, dar \u201dtardiv\u0103\u201d, candidatul independent Mircea Geoan\u0103 consider\u0103 c\u0103 se reface \u201dcoali\u0163ia din perioada pandemiei\u201d.<\/p>\n<p>\u201dEu v\u0103 respect foarte mult \u015fi cred c\u0103 sunt pu\u0163ini politicieni cu experien\u0163a dvs. Mul\u0163umesc pentru \u00eencredere. Fac un apel la celelalte for\u0163e de centru-dreapta s\u0103 fac\u0103 acest pas, pentru c\u0103 \u00eentr-adev\u0103r, putem s\u0103 avem un nou \u00eenceput, unul \u00een care bunul sim\u0163 \u015fi buna credin\u0163\u0103 s\u0103 fie cele care troneaz\u0103 \u015fi nu ceea ce vedem acum\u201d, a afirmat Elena Lasconi, \u00een cadrul unei dezbateri politice.\u00a0\u00centrebat\u0103 c\u0103ror for\u0163e de dreapta se adreseaz\u0103, candidata USR a nominalizat REPER \u015fi pe Vlad Gheorghe.\u00a0\u00a0Mircea Geoan\u0103 nu s-a ar\u0103tat surprins de decizia lui Orban, spun\u00e2nd c\u0103 \u201dse reface coali\u0163ia din perioada pandemiei\u201d.\u00a0\u00a0\u201dEste o mutare interesant\u0103, dar cred c\u0103 pe l\u00e2ng\u0103 retragerea lui Ludovic, cred c\u0103 adev\u0103rata retragere \u00een seara asta trebuie s\u0103 fie a lui Marcel Ciolacu\u201d, a spus Geoan\u0103, f\u0103c\u00e2nd referire la \u201dafacerea Nordis\u201d.\u00a0\u00a0Kelemen Hunor este de p\u0103rere c\u0103 retragerea lui Ludovic Orban din cursa preziden\u0163ial\u0103 este una \u201dlogic\u0103\u201d, dar \u201dun pic tardiv\u0103\u201d, spun\u00e2nd c\u0103 buletinele de vot sunt tip\u0103rite.\u00a0\u00a0George Simion e de p\u0103rere c\u0103 \u015fi ceilal\u0163i \u201dcandida\u0163i-iepure\u201d ar trebui s\u0103 se retrag\u0103, preciz\u00e2nd c\u0103 \u00een opinia sa ace\u015ftia nu vor lua voturi nici m\u0103car c\u00e2t num\u0103rul semn\u0103turilor depuse.\u00a0\u00a0Cristian Diaconescu a reac\u0163ionat \u015fi el, \u00een dezbatere, spun\u00e2nd c\u0103 respect\u0103 deciziile lui Ludovic Orban \u015fi nu i le comenteaz\u0103.\u00a0<\/p>","protected":false},"excerpt":{"rendered":"<p>Candida\u0163ii la Pre\u015fedin\u0163ie au reac\u0163ionat, dup\u0103 ce pre\u015fedintele For\u0163ei Dreptei, Ludovic Orban, a anun\u0163at c\u0103&hellip;<\/p>\n","protected":false},"author":0,"featured_media":8441,"comment_status":"open","ping_status":"open","sticky":false,"template":"","format":"standard","meta":{"footnotes":""},"categories":[2],"tags":[],"class_list":["post-8450","post","type-post","status-publish","format-standard","has-post-thumbnail","hentry","category-actual"],"_links":{"self":[{"href":"https:\/\/247stiri.ro\/index.php\/wp-json\/wp\/v2\/posts\/8450","targetHints":{"allow":["GET"]}}],"collection":[{"href":"https:\/\/247stiri.ro\/index.php\/wp-json\/wp\/v2\/posts"}],"about":[{"href":"https:\/\/247stiri.ro\/index.php\/wp-json\/wp\/v2\/types\/post"}],"replies":[{"embeddable":true,"href":"https:\/\/247stiri.ro\/index.php\/wp-json\/wp\/v2\/comments?post=8450"}],"version-history":[{"count":0,"href":"https:\/\/247stiri.ro\/index.php\/wp-json\/wp\/v2\/posts\/8450\/revisions"}],"wp:featuredmedia":[{"embeddable":true,"href":"https:\/\/247stiri.ro\/index.php\/wp-json\/wp\/v2\/media\/8441"}],"wp:attachment":[{"href":"https:\/\/247stiri.ro\/index.php\/wp-json\/wp\/v2\/media?parent=8450"}],"wp:term":[{"taxonomy":"category","embeddable":true,"href":"https:\/\/247stiri.ro\/index.php\/wp-json\/wp\/v2\/categories?post=8450"},{"taxonomy":"post_tag","embeddable":true,"href":"https:\/\/247stiri.ro\/index.php\/wp-json\/wp\/v2\/tags?post=8450"}],"curies":[{"name":"wp","href":"https:\/\/api.w.org\/{rel}","templated":true}]}}