{"id":8451,"date":"2024-11-18T19:44:51","date_gmt":"2024-11-18T19:44:51","guid":{"rendered":"https:\/\/247stiri.ro\/index.php\/2024\/11\/18\/benjamin-netanyahu-nu-vrea-armistitiu-asta-inseamna-ca-hama-ramane-la-putere\/"},"modified":"2024-11-18T19:44:51","modified_gmt":"2024-11-18T19:44:51","slug":"benjamin-netanyahu-nu-vrea-armistitiu-asta-inseamna-ca-hama-ramane-la-putere","status":"publish","type":"post","link":"https:\/\/247stiri.ro\/index.php\/2024\/11\/18\/benjamin-netanyahu-nu-vrea-armistitiu-asta-inseamna-ca-hama-ramane-la-putere\/","title":{"rendered":"Benjamin Netanyahu nu vrea armisti\u021biu: \u201eAsta \u00eenseamn\u0103 c\u0103 Hama r\u0103m\u00e2ne la putere\u201d"},"content":{"rendered":"<p>Premierul israelian Benjamin Netanyahu \u015fi-a reiterat luni respingerea fa\u0163\u0103 de \u00eencheierea oric\u0103rui acord de armisti\u0163iu \u00een F\u00e2\u015fia Gaza devastat\u0103 de r\u0103zboi deoarece, \u00een opinia sa, acesta ar permite Hamas s\u0103 r\u0103m\u00e2n\u0103 la putere odat\u0103 \u00eencheiat\u0103 ofensiva militar\u0103, informeaz\u0103 EFE.&#8221;Tot ce dore\u015fte Hamas este un acord pentru a pune cap\u0103t r\u0103zboiului \u015fi retragerea for\u0163elor israeliene din F\u00e2\u015fia Gaza pentru a r\u0103m\u00e2ne la putere. Nu sunt dispus la asta \u00een niciun fel&#8221;, a afirmat premierul Netanyahu \u00een fa\u0163a comisiei pentru afaceri externe \u015fi ap\u0103rare din Knesset (parlamentul israelian), potrivit unor scurgeri ap\u0103rute \u00een presa local\u0103.Conform publica\u0163iilor israeliene Ynet \u015fi The Times of Israel, premierul Netanyahu a dat asigur\u0103ri c\u0103 Hamas urm\u0103re\u015fte s\u0103 profite de &#8222;presiunea&#8221; la care este supus guvernul pentru a ajunge la un acord de armisti\u0163iu favorabil, ceea ce, a spus el, nu va se \u00eent\u00e2mpla.Negocierile \u00een vederea \u00eencheierii unui armisti\u0163iu sunt blocate cel pu\u0163in de la sf\u00e2r\u015fitul lunii august. Hamas a cerut de la \u00eenceput \u00eencetarea complet\u0103 a agresiunii israeliene, retragerea trupelor sale \u015fi \u00eentoarcerea persoanelor str\u0103mutate. Premierul Netanyahu se opune acestora, printre alte cereri, consider\u00e2nd esen\u0163ial\u0103 prezen\u0163a trupelor israeliene la grani\u0163a dintre F\u00e2\u015fia Gaza \u015fi Egipt.Din cele 251 de persoane r\u0103pite pe 7 octombrie, 97 continu\u0103 s\u0103 se afle \u00een enclava palestinian\u0103, dintre care mai mult de jum\u0103tate au murit deja, potrivit ultimei estim\u0103ri a serviciilor de informa\u0163ii israeliene.<\/p>","protected":false},"excerpt":{"rendered":"<p>Premierul israelian Benjamin Netanyahu \u015fi-a reiterat luni respingerea fa\u0163\u0103 de \u00eencheierea oric\u0103rui acord de armisti\u0163iu&hellip;<\/p>\n","protected":false},"author":0,"featured_media":8415,"comment_status":"open","ping_status":"open","sticky":false,"template":"","format":"standard","meta":{"footnotes":""},"categories":[2],"tags":[],"class_list":["post-8451","post","type-post","status-publish","format-standard","has-post-thumbnail","hentry","category-actual"],"_links":{"self":[{"href":"https:\/\/247stiri.ro\/index.php\/wp-json\/wp\/v2\/posts\/8451","targetHints":{"allow":["GET"]}}],"collection":[{"href":"https:\/\/247stiri.ro\/index.php\/wp-json\/wp\/v2\/posts"}],"about":[{"href":"https:\/\/247stiri.ro\/index.php\/wp-json\/wp\/v2\/types\/post"}],"replies":[{"embeddable":true,"href":"https:\/\/247stiri.ro\/index.php\/wp-json\/wp\/v2\/comments?post=8451"}],"version-history":[{"count":0,"href":"https:\/\/247stiri.ro\/index.php\/wp-json\/wp\/v2\/posts\/8451\/revisions"}],"wp:featuredmedia":[{"embeddable":true,"href":"https:\/\/247stiri.ro\/index.php\/wp-json\/wp\/v2\/media\/8415"}],"wp:attachment":[{"href":"https:\/\/247stiri.ro\/index.php\/wp-json\/wp\/v2\/media?parent=8451"}],"wp:term":[{"taxonomy":"category","embeddable":true,"href":"https:\/\/247stiri.ro\/index.php\/wp-json\/wp\/v2\/categories?post=8451"},{"taxonomy":"post_tag","embeddable":true,"href":"https:\/\/247stiri.ro\/index.php\/wp-json\/wp\/v2\/tags?post=8451"}],"curies":[{"name":"wp","href":"https:\/\/api.w.org\/{rel}","templated":true}]}}