{"id":8456,"date":"2024-11-18T20:44:48","date_gmt":"2024-11-18T20:44:48","guid":{"rendered":"https:\/\/247stiri.ro\/index.php\/2024\/11\/18\/cimitirul-din-romania-taiat-in-doua-de-o-cale-ferata-calatorii-se-trezeau-inconjurati-de-cruci-cand-se-asteptau-mai-putin\/"},"modified":"2024-11-18T20:44:48","modified_gmt":"2024-11-18T20:44:48","slug":"cimitirul-din-romania-taiat-in-doua-de-o-cale-ferata-calatorii-se-trezeau-inconjurati-de-cruci-cand-se-asteptau-mai-putin","status":"publish","type":"post","link":"https:\/\/247stiri.ro\/index.php\/2024\/11\/18\/cimitirul-din-romania-taiat-in-doua-de-o-cale-ferata-calatorii-se-trezeau-inconjurati-de-cruci-cand-se-asteptau-mai-putin\/","title":{"rendered":"Cimitirul din Rom\u00e2nia t\u0103iat \u00een dou\u0103 de o cale ferat\u0103. C\u0103l\u0103torii se trezeau \u00eenconjura\u021bi de cruci c\u00e2nd se a\u0219teptau mai pu\u021bin"},"content":{"rendered":"<p>R\u0103d\u0103u\u021bi este a doua localitate din Europa, \u00een afar\u0103 de una din Elve\u021bia, unde vizitatorii pot auzi sunetul ro\u021bilor trenurilor printre morminte. Cea mai veche cale ferat\u0103 din Bucovina a fost construit\u0103 \u00een 1869 de compania Lemberg-Czernowitz-Jassy Eisenbahn, pe ruta Cern\u0103u\u021bi &#8211; Suceava. Ulterior, administra\u021bia austro-ungar\u0103 a decis s\u0103 interconecteze \u0219i celelalte ora\u0219e importante ale regiunii prin intermediul c\u0103ii ferate.<\/p>\n<p>Pentru aceasta, a fost \u00eenfiin\u021bat\u0103 Bukowinaer Lokalbahnen (C\u0103ile ferate locale ale Bucovinei), care s-a ocupat de construc\u021bia liniei dintre Dorne\u0219ti \u0219i R\u0103d\u0103u\u021bi, continu\u00e2nd apoi spre Putna \u0219i Nisipitu. Inginerii austrieci au analizat multiple rute posibile pentru amplasarea \u0219inelor, dar au ales \u00een final traseul ce trecea prin centrul ora\u0219ului \u0219i prin cimitir, datorit\u0103 rezultatelor favorabile ob\u021binute \u00een urma m\u0103sur\u0103torilor geodezice.<\/p>\n<p><a title=\"Anunt  de ultima ora al CFR Calatori: ce se intampla cu biletele cumparare cu anticipatie pana in 15 decembrie?\" href=\"https:\/\/www.realitatea.net\/stiri\/actual\/anunt-urgent-al-cfr-calatori-ce-se-intampla-cu-biletele-cumparare-cu-anticipatie-pana-in-15-decembrie_673b3d302675b603fe4c6aa2\">Anun\u021b de ultim\u0103 or\u0103 al CFR C\u0103l\u0103tori: ce se \u00eent\u00e2mpl\u0103 cu biletele cump\u0103rare cu anticipa\u021bie p\u00e2n\u0103 \u00een 15 decembrie?<\/a><\/p>\n<p>\u00cen perioada anterioar\u0103 anului 1989, la ini\u021biativa autorit\u0103\u021bilor comuniste, un tren accelerat care circula \u00eentre Bucure\u0219ti \u0219i Putna a \u00eenceput s\u0103 traverseze cimitirul din R\u0103d\u0103u\u021bi. Astfel, ca urmare a unei hot\u0103r\u00e2ri locale, trenurile de pasageri care deserveau leg\u0103tura cu Dorne\u0219ti \u0219i Putna treceau prin cimitir de patru ori pe zi.<\/p>\n\n<p>La mijlocul anilor 2000, calea ferat\u0103 secundar\u0103 care trecea prin municipiul R\u0103d\u0103u\u021bi a fost preluat\u0103 \u00een administrare privat\u0103, iar din 2012 nu a mai circulat nicio garnitur\u0103 prin cimitir. Locuitorii sper\u0103 c\u0103 traficul feroviar se va relua, dar acest lucru depinde de investi\u021biile \u00een infrastructura feroviar\u0103.<\/p>\n<p>\u00cen timpul Primului R\u0103zboi Mondial, armata austro-ungar\u0103 a dus lupte intense cu cea rus\u0103 \u00een zona Bucovinei, iar \u00een cimitirul din R\u0103d\u0103u\u021bi sunt \u00eenmorm\u00e2nta\u021bi mul\u021bi solda\u021bi rom\u00e2ni, ru\u0219i \u0219i austrieci care au murit pe front.<\/p>\n<p>De asemenea, \u00een acest cimitir se g\u0103se\u0219te morm\u00e2ntul lui Vasile Niculescu, unul dintre cei mai renumi\u021bi aviatori rom\u00e2ni, cunoscut sub numele de \u201eaviatorul Unirii\u201d. Istoricii sus\u021bin c\u0103 pe 23 noiembrie 1918, locotenentul Niculescu a efectuat un zbor cu avionul s\u0103u Farman F.40 peste Carpa\u021bi, ateriz\u00e2nd pe C\u00e2mpia Libert\u0103\u021bii din Blaj, Transilvania, pentru a aduce simbolic un mesaj din partea Guvernului Rom\u00e2niei c\u0103tre Consiliul Na\u021bional Rom\u00e2n.<\/p>\n<p><a title=\"Orasul unde trenul trece in viteza pe langa masa de la terasa. Clientii isi beau cafeaua cu acceleratul langa ei\" href=\"https:\/\/www.realitatea.net\/stiri\/lifestyle\/orasul-unde-trenul-trece-in-viteza-pe-langa-masa-de-la-terasa-clientii-isi-beau-cafeaua-cu-acceleratul-langa-ei_6736102a388e64776c7afc26\">Ora\u0219ul unde trenul trece \u00een vitez\u0103 pe l\u00e2ng\u0103 masa de la teras\u0103. Clien\u021bii \u00ee\u0219i beau cafeaua cu acceleratul l\u00e2ng\u0103 ei<\/a><\/p>","protected":false},"excerpt":{"rendered":"<p>R\u0103d\u0103u\u021bi este a doua localitate din Europa, \u00een afar\u0103 de una din Elve\u021bia, unde vizitatorii&hellip;<\/p>\n","protected":false},"author":0,"featured_media":8457,"comment_status":"open","ping_status":"open","sticky":false,"template":"","format":"standard","meta":{"footnotes":""},"categories":[2],"tags":[],"class_list":["post-8456","post","type-post","status-publish","format-standard","has-post-thumbnail","hentry","category-actual"],"_links":{"self":[{"href":"https:\/\/247stiri.ro\/index.php\/wp-json\/wp\/v2\/posts\/8456","targetHints":{"allow":["GET"]}}],"collection":[{"href":"https:\/\/247stiri.ro\/index.php\/wp-json\/wp\/v2\/posts"}],"about":[{"href":"https:\/\/247stiri.ro\/index.php\/wp-json\/wp\/v2\/types\/post"}],"replies":[{"embeddable":true,"href":"https:\/\/247stiri.ro\/index.php\/wp-json\/wp\/v2\/comments?post=8456"}],"version-history":[{"count":0,"href":"https:\/\/247stiri.ro\/index.php\/wp-json\/wp\/v2\/posts\/8456\/revisions"}],"wp:featuredmedia":[{"embeddable":true,"href":"https:\/\/247stiri.ro\/index.php\/wp-json\/wp\/v2\/media\/8457"}],"wp:attachment":[{"href":"https:\/\/247stiri.ro\/index.php\/wp-json\/wp\/v2\/media?parent=8456"}],"wp:term":[{"taxonomy":"category","embeddable":true,"href":"https:\/\/247stiri.ro\/index.php\/wp-json\/wp\/v2\/categories?post=8456"},{"taxonomy":"post_tag","embeddable":true,"href":"https:\/\/247stiri.ro\/index.php\/wp-json\/wp\/v2\/tags?post=8456"}],"curies":[{"name":"wp","href":"https:\/\/api.w.org\/{rel}","templated":true}]}}