{"id":8460,"date":"2024-11-18T20:44:49","date_gmt":"2024-11-18T20:44:49","guid":{"rendered":"https:\/\/247stiri.ro\/index.php\/2024\/11\/18\/trei-atacuri-cu-cutitul-la-new-york-aproape-de-sediul-onu-ucigasul-s-a-napustit-in-multime-doi-barbati-au-murit-o-femeie-e-la-spital-cu-rani-grave\/"},"modified":"2024-11-18T20:44:49","modified_gmt":"2024-11-18T20:44:49","slug":"trei-atacuri-cu-cutitul-la-new-york-aproape-de-sediul-onu-ucigasul-s-a-napustit-in-multime-doi-barbati-au-murit-o-femeie-e-la-spital-cu-rani-grave","status":"publish","type":"post","link":"https:\/\/247stiri.ro\/index.php\/2024\/11\/18\/trei-atacuri-cu-cutitul-la-new-york-aproape-de-sediul-onu-ucigasul-s-a-napustit-in-multime-doi-barbati-au-murit-o-femeie-e-la-spital-cu-rani-grave\/","title":{"rendered":"Trei atacuri cu cu\u021bitul la New York, aproape de sediul ONU. Uciga\u0219ul s-a n\u0103pustit \u00een mul\u021bime, doi b\u0103rba\u021bi au murit, o femeie e la spital cu r\u0103ni grave"},"content":{"rendered":"<p>Primarul Eric Adams a declarat la un briefing de pres\u0103 c\u0103 un suspect este &#8222;\u00een arest&#8221;. &#8222;Nu mai c\u0103ut\u0103m un altul&#8221;, a ad\u0103ugat el.Nu a fost prezentat niciun motiv \u00een acest moment, dar presupusul f\u0103pta\u015f este un b\u0103rbat f\u0103r\u0103 ad\u0103post \u00een v\u00e2rst\u0103 de 51 de ani, cunoscut deja pentru opt arest\u0103ri, a declarat un oficial de poli\u0163ie, Joe Kenny.<\/p>\n<p>&#8222;Acesta este \u00eenc\u0103 un exemplu clar al e\u015fecului sistemului de justi\u0163ie penal\u0103 \u015fi al sistemului de s\u0103n\u0103tate mintal\u0103 din New York&#8221;, a spus primarul democrat, care a avut probleme politice de la punerea sa sub acuzare de c\u0103tre justi\u0163ia federal\u0103 \u00eentr-un caz de corup\u0163ie la sf\u00e2r\u015fitul lunii septembrie.<\/p>\n<p>Cele trei atacuri au avut loc \u00een dou\u0103 ore \u015fi jum\u0103tate pe str\u0103zile 19, 30 \u015fi 42 din Manhattan, foarte aproape de sediul ONU \u00een cazul ultimului atac.<\/p>\n<p>Prima victim\u0103, un muncitor \u00een construc\u0163ii \u00een v\u00e2rst\u0103 de 36 de ani, a fost \u00eenjunghiat \u00een abdomen \u00een fa\u0163a \u015fantierului unde lucra, b\u0103rbatul neput\u00e2nd fi salvat, a spus Kenny.Al doilea atac a fost asupra unui b\u0103rbat de 68 de ani care pescuia \u00een East River \u015fi care nu a supravie\u0163uit. O a treia victim\u0103, o femeie de 36 de ani, a fost grav r\u0103nit\u0103. Suspectul a fost apoi v\u0103zut de martori dup\u0103 un furt \u015fi a putut fi arestat.<\/p>\n<p>&#8222;Acest b\u0103rbat a fost re\u0163inut, au fost g\u0103site dou\u0103 cu\u0163ite lungi acoperite de s\u00e2nge, iar hainele sale erau, de asemenea, acoperite de s\u00e2nge&#8221;, a explicat ofi\u0163erul de poli\u0163ie.<\/p>","protected":false},"excerpt":{"rendered":"<p>Primarul Eric Adams a declarat la un briefing de pres\u0103 c\u0103 un suspect este &#8222;\u00een&hellip;<\/p>\n","protected":false},"author":0,"featured_media":8453,"comment_status":"open","ping_status":"open","sticky":false,"template":"","format":"standard","meta":{"footnotes":""},"categories":[2],"tags":[],"class_list":["post-8460","post","type-post","status-publish","format-standard","has-post-thumbnail","hentry","category-actual"],"_links":{"self":[{"href":"https:\/\/247stiri.ro\/index.php\/wp-json\/wp\/v2\/posts\/8460","targetHints":{"allow":["GET"]}}],"collection":[{"href":"https:\/\/247stiri.ro\/index.php\/wp-json\/wp\/v2\/posts"}],"about":[{"href":"https:\/\/247stiri.ro\/index.php\/wp-json\/wp\/v2\/types\/post"}],"replies":[{"embeddable":true,"href":"https:\/\/247stiri.ro\/index.php\/wp-json\/wp\/v2\/comments?post=8460"}],"version-history":[{"count":0,"href":"https:\/\/247stiri.ro\/index.php\/wp-json\/wp\/v2\/posts\/8460\/revisions"}],"wp:featuredmedia":[{"embeddable":true,"href":"https:\/\/247stiri.ro\/index.php\/wp-json\/wp\/v2\/media\/8453"}],"wp:attachment":[{"href":"https:\/\/247stiri.ro\/index.php\/wp-json\/wp\/v2\/media?parent=8460"}],"wp:term":[{"taxonomy":"category","embeddable":true,"href":"https:\/\/247stiri.ro\/index.php\/wp-json\/wp\/v2\/categories?post=8460"},{"taxonomy":"post_tag","embeddable":true,"href":"https:\/\/247stiri.ro\/index.php\/wp-json\/wp\/v2\/tags?post=8460"}],"curies":[{"name":"wp","href":"https:\/\/api.w.org\/{rel}","templated":true}]}}