{"id":8476,"date":"2024-11-18T21:44:49","date_gmt":"2024-11-18T21:44:49","guid":{"rendered":"https:\/\/247stiri.ro\/index.php\/2024\/11\/18\/anuntul-pe-care-multi-soferi-il-asteptau-de-mult-de-anul-acesta-se-va-putea-circula-pe-autostrada-de-la-bucuresti-la-focsani\/"},"modified":"2024-11-18T21:44:49","modified_gmt":"2024-11-18T21:44:49","slug":"anuntul-pe-care-multi-soferi-il-asteptau-de-mult-de-anul-acesta-se-va-putea-circula-pe-autostrada-de-la-bucuresti-la-focsani","status":"publish","type":"post","link":"https:\/\/247stiri.ro\/index.php\/2024\/11\/18\/anuntul-pe-care-multi-soferi-il-asteptau-de-mult-de-anul-acesta-se-va-putea-circula-pe-autostrada-de-la-bucuresti-la-focsani\/","title":{"rendered":"Anun\u021bul pe care mul\u021bi \u0219oferi \u00eel a\u0219teptau de mult. De anul acesta, se va putea circula pe autostrad\u0103, de la Bucure\u0219ti la Foc\u0219ani"},"content":{"rendered":"<p>\u201e\u00cen luna decembrie, ambele tronsoane vor fi date \u00een circula\u0163ie. \u015ei tronsonul de la Dumbrava la Mizil \u015fi de la Mizil la Pietroasele, al doilea, vor fi date \u00een circula\u0163ie. Am emo\u021bii mai mari, v\u0103 spun sincer, pe lotul 2, cel care cred c\u0103 e pe raza jude\u021bului Buz\u0103u, pentru c\u0103 acolo mai avem un pasaj \u015fi mai e un tablier de venit, care e a\u0219a, \u00een limit\u0103, dar am toate asigur\u0103rile \u00een acest moment c\u0103 vom putea s\u0103 d\u0103m ambele \u00een circula\u0163ie\u201d, a afirmat ministrul Transporturilor, Sorin Grindeanu.<\/p>\n<p>\u00a0<\/p>\n<p>Potrivit ministrului, circula\u021bia se va deschide, s\u0103pt\u0103m\u00e2na aceasta, pe autostrad\u0103, de la Buz\u0103u la Foc\u0219ani. Iar p\u00e2n\u0103 la final de an, pe alte trei tronsoane din A7.<\/p>\n<p>\u201eSunt aproximativ 50 de kilometri care se vor ad\u0103uga la cei 82 de kilometri care vor fi da\u021bi \u00een circula\u021bie, parte din ei au \u015fi \u00eenceput s\u0103 fie da\u021bi pe\u00a0autostrada\u00a0A7 de la Buz\u0103u la Foc\u0219ani. Miercurea viitoare se va circula pe acele dou\u0103 loturi de la Buz\u0103u la Foc\u0219ani. Pe lotul 4 deja se circul\u0103, iar pe lotul 3, de asemenea, \u00een decembrie se vor termina lucr\u0103rile \u015fi se va circula pe el\u201d, a mai precizat ministrul Sorin Grindeanu.<\/p>\n<p>\u00a0<\/p>\n<p>A\u0219adar, p\u00e2n\u0103 la finalul anului, este probabil s\u0103 se circule de la Bucure\u0219ti la Foc\u0219ani pe\u00a0autostrada Moldovei. Traseul va fi \u0218oseaua de Centur\u0103 Bucure\u0219ti sau Autostrada de centur\u0103 (A0) \u2013 Autostrada A3 (Bucure\u0219ti-Ploie\u0219ti) \u2013 Autostrada A7 (Ploie\u0219ti \u2013 Buz\u0103u \u2013 Foc\u0219ani \u2013 Bac\u0103u \u2013 Siret).<\/p>","protected":false},"excerpt":{"rendered":"<p>\u201e\u00cen luna decembrie, ambele tronsoane vor fi date \u00een circula\u0163ie. \u015ei tronsonul de la Dumbrava&hellip;<\/p>\n","protected":false},"author":0,"featured_media":8477,"comment_status":"open","ping_status":"open","sticky":false,"template":"","format":"standard","meta":{"footnotes":""},"categories":[2],"tags":[],"class_list":["post-8476","post","type-post","status-publish","format-standard","has-post-thumbnail","hentry","category-actual"],"_links":{"self":[{"href":"https:\/\/247stiri.ro\/index.php\/wp-json\/wp\/v2\/posts\/8476","targetHints":{"allow":["GET"]}}],"collection":[{"href":"https:\/\/247stiri.ro\/index.php\/wp-json\/wp\/v2\/posts"}],"about":[{"href":"https:\/\/247stiri.ro\/index.php\/wp-json\/wp\/v2\/types\/post"}],"replies":[{"embeddable":true,"href":"https:\/\/247stiri.ro\/index.php\/wp-json\/wp\/v2\/comments?post=8476"}],"version-history":[{"count":0,"href":"https:\/\/247stiri.ro\/index.php\/wp-json\/wp\/v2\/posts\/8476\/revisions"}],"wp:featuredmedia":[{"embeddable":true,"href":"https:\/\/247stiri.ro\/index.php\/wp-json\/wp\/v2\/media\/8477"}],"wp:attachment":[{"href":"https:\/\/247stiri.ro\/index.php\/wp-json\/wp\/v2\/media?parent=8476"}],"wp:term":[{"taxonomy":"category","embeddable":true,"href":"https:\/\/247stiri.ro\/index.php\/wp-json\/wp\/v2\/categories?post=8476"},{"taxonomy":"post_tag","embeddable":true,"href":"https:\/\/247stiri.ro\/index.php\/wp-json\/wp\/v2\/tags?post=8476"}],"curies":[{"name":"wp","href":"https:\/\/api.w.org\/{rel}","templated":true}]}}