{"id":8478,"date":"2024-11-18T21:44:49","date_gmt":"2024-11-18T21:44:49","guid":{"rendered":"https:\/\/247stiri.ro\/index.php\/2024\/11\/18\/arestata-pentru-ca-a-incercat-sa-intre-in-propria-casa-ocupata-de-imigranti-cum-a-luat-o-razna-justitia-din-spania\/"},"modified":"2024-11-18T21:44:49","modified_gmt":"2024-11-18T21:44:49","slug":"arestata-pentru-ca-a-incercat-sa-intre-in-propria-casa-ocupata-de-imigranti-cum-a-luat-o-razna-justitia-din-spania","status":"publish","type":"post","link":"https:\/\/247stiri.ro\/index.php\/2024\/11\/18\/arestata-pentru-ca-a-incercat-sa-intre-in-propria-casa-ocupata-de-imigranti-cum-a-luat-o-razna-justitia-din-spania\/","title":{"rendered":"Arestat\u0103 pentru c\u0103 a \u00eencercat s\u0103 intre \u00een propria cas\u0103, ocupat\u0103 de imigran\u021bi. Cum a luat-o razna justi\u021bia din Spania"},"content":{"rendered":"<p>Eva a mo\u0219tenit casa din Benet\u00fasser de la p\u0103rin\u021bii s\u0103i, dar aceasta fusese ocupat\u0103 ilegal de peste doi ani. Recent, ploile toren\u021biale cauzate de DANA, care au lovit Valencia pe 29 octombrie, i-au oferit o oportunitate nea\u0219teptat\u0103. Observ\u00e2nd c\u0103 apartamentul era liber, Eva a schimbat lac\u0103tul \u0219i a \u00eenceput s\u0103 cure\u021be locuin\u021ba, mut\u00e2ndu-se temporar acolo \u00eempreun\u0103 cu o prieten\u0103 pentru a preveni o nou\u0103 ocupare abuziv\u0103. \u201eSitua\u021bia mea financiar\u0103 este critic\u0103. Sunt \u0219omer\u0103 \u0219i aveam nevoie de un loc \u00een care s\u0103 locuiesc\u201d, a explicat Eva \u00een emisiunea Tarde AR de la <a href=\"https:\/\/www.telecinco.es\/tardear\/20241113\/detenida-recuperar-casa-dana-huida-okupas-riada_18_014001818.html\" target=\"_blank\">Telecinco<\/a>.<\/p>\n<p>La c\u00e2teva zile dup\u0103 ce Eva a intrat \u00een posesia casei, ocupan\u021bii ilegali s-au \u00eentors \u0219i au cerut ajutorul G\u0103rzii Civile. Potrivit presei, agen\u021bii au for\u021bat intrarea \u0219i au evacuat-o pe Eva, chiar dac\u0103 aceasta a prezentat actele care atestau dreptul de proprietate. \u201eNe-au scos afar\u0103 f\u0103r\u0103 s\u0103 ne lase s\u0103 explic\u0103m nimic. Aveam toate documentele, dar nu le-a p\u0103sat\u201d, a declarat Eva. \u00cen schimb, ocupan\u021bii au fost l\u0103sa\u021bi s\u0103 revin\u0103, iar Eva se confrunt\u0103 acum cu un proces legal complicat pentru a recupera casa.<\/p>\n<p>Femeia care ocup\u0103 apartamentul a sus\u021binut c\u0103 nu este o ocupant\u0103 ilegal\u0103, ci c\u0103 a \u00eenchiriat locuin\u021ba de la un b\u0103rbat necunoscut, pl\u0103tind lunar 350 de euro \u00een numerar, f\u0103r\u0103 un contract. Eva a respins categoric aceast\u0103 afirma\u021bie: \u201eAm dovezi clare c\u0103 ace\u0219ti oameni \u0219tiu c\u0103 locuiesc ilegal. Am film\u0103ri cu ei r\u00e2z\u00e2nd de mine \u0219i batjocorindu-m\u0103. Este inacceptabil\u201d, a afirmat Eva.<\/p>\n<p><a title=\"Trei atacuri cu cutitul la New York, aproape de sediul ONU. Ucigasul s-a napustit in multime, doi barbati au murit, o femeie e la spital cu rani grave \" href=\"https:\/\/www.realitatea.net\/stiri\/actual\/trei-atacuri-cu-cutitul-la-new-york-aproape-de-sediul-onu-ucigasul-sa-napustit-in-multime-doi-barbati-au-murit-o-femeie-e-la-spital-cu-rani-grave_673b9efe8c202e556c5311d2\">Trei atacuri cu cu\u021bitul la New York, aproape de sediul ONU. Uciga\u0219ul s-a n\u0103pustit \u00een mul\u021bime, doi b\u0103rba\u021bi au murit, o femeie e la spital cu r\u0103ni grave<\/a><\/p>\n<p>Situa\u021bia juridic\u0103 este complicat\u0103 din cauza reglement\u0103rilor care protejeaz\u0103 ocupan\u021bii ilegali, \u00een special dac\u0103 ace\u0219tia au minori sau se consider\u0103 vulnerabili. \u00cen aceste cazuri, procedurile de evacuare devin mai dificile, iar procesele pot dura luni sau chiar ani. \u201eLegea pare s\u0103 fie \u00eempotriva mea, de\u0219i sunt proprietarul legitim al casei. Nu \u00een\u021beleg cum este posibil acest lucru\u201d, a ad\u0103ugat Eva, vizibil afectat\u0103.<\/p>\n<p>Cazul Evei a redeschis o dezbatere intens\u0103 \u00een Spania despre reformarea legisla\u021biei privind ocuparea abuziv\u0103. \u00cen vreme ce mul\u021bi consider\u0103 c\u0103 legile actuale favorizeaz\u0103 ocupan\u021bii \u00een detrimentul proprietarilor, al\u021bii pun accent pe importan\u021ba protec\u021biei drepturilor fundamentale, \u00een special \u00een cazuri ce implic\u0103 vulnerabilitate economic\u0103. Exper\u021bii sugereaz\u0103 c\u0103 este necesar\u0103 g\u0103sirea unui echilibru \u00eentre protejarea drepturilor proprietarilor \u0219i sprijinirea persoanelor vulnerabile. Totu\u0219i, procesul de schimbare a legisla\u021biei este complex \u0219i lent.<\/p>\n<p>\u00cen prezent, Eva \u0219i fra\u021bii s\u0103i au depus o pl\u00e2ngere oficial\u0103 pentru a-\u0219i recupera locuin\u021ba, \u00eens\u0103 procesul juridic ar putea dura luni de zile. \u00centre timp, femeia se afl\u0103 \u00een situa\u021bia de a nu avea un loc stabil de trai \u0219i se confrunt\u0103 cu dificult\u0103\u021bi economice.<\/p>\n<p><a title=\"Cimitirul din Romania taiat in doua de o cale ferata. Calatorii se trezeau inconjurati de cruci cand se asteptau mai putin\" href=\"https:\/\/www.realitatea.net\/stiri\/actual\/cimitirul-din-romania-taiat-in-doua-de-o-cale-ferata-calatorii-se-trezeau-inconjurati-de-cruci-cand-se-asteptau-mai-putin_673ba53baba20668260f57b2\">Cimitirul din Rom\u00e2nia t\u0103iat \u00een dou\u0103 de o cale ferat\u0103. C\u0103l\u0103torii se trezeau \u00eenconjura\u021bi de cruci c\u00e2nd se a\u0219teptau mai pu\u021bin<\/a><\/p>","protected":false},"excerpt":{"rendered":"<p>Eva a mo\u0219tenit casa din Benet\u00fasser de la p\u0103rin\u021bii s\u0103i, dar aceasta fusese ocupat\u0103 ilegal&hellip;<\/p>\n","protected":false},"author":0,"featured_media":8479,"comment_status":"open","ping_status":"open","sticky":false,"template":"","format":"standard","meta":{"footnotes":""},"categories":[2],"tags":[],"class_list":["post-8478","post","type-post","status-publish","format-standard","has-post-thumbnail","hentry","category-actual"],"_links":{"self":[{"href":"https:\/\/247stiri.ro\/index.php\/wp-json\/wp\/v2\/posts\/8478","targetHints":{"allow":["GET"]}}],"collection":[{"href":"https:\/\/247stiri.ro\/index.php\/wp-json\/wp\/v2\/posts"}],"about":[{"href":"https:\/\/247stiri.ro\/index.php\/wp-json\/wp\/v2\/types\/post"}],"replies":[{"embeddable":true,"href":"https:\/\/247stiri.ro\/index.php\/wp-json\/wp\/v2\/comments?post=8478"}],"version-history":[{"count":0,"href":"https:\/\/247stiri.ro\/index.php\/wp-json\/wp\/v2\/posts\/8478\/revisions"}],"wp:featuredmedia":[{"embeddable":true,"href":"https:\/\/247stiri.ro\/index.php\/wp-json\/wp\/v2\/media\/8479"}],"wp:attachment":[{"href":"https:\/\/247stiri.ro\/index.php\/wp-json\/wp\/v2\/media?parent=8478"}],"wp:term":[{"taxonomy":"category","embeddable":true,"href":"https:\/\/247stiri.ro\/index.php\/wp-json\/wp\/v2\/categories?post=8478"},{"taxonomy":"post_tag","embeddable":true,"href":"https:\/\/247stiri.ro\/index.php\/wp-json\/wp\/v2\/tags?post=8478"}],"curies":[{"name":"wp","href":"https:\/\/api.w.org\/{rel}","templated":true}]}}