{"id":8491,"date":"2024-11-18T22:45:18","date_gmt":"2024-11-18T22:45:18","guid":{"rendered":"https:\/\/247stiri.ro\/index.php\/2024\/11\/18\/magnitudinea-si-diversitatea-actiunilor-hibride-ale-rusiei-in-republica-moldova-recunoscuta-oficial-de-luminita-odobescu\/"},"modified":"2024-11-18T22:45:18","modified_gmt":"2024-11-18T22:45:18","slug":"magnitudinea-si-diversitatea-actiunilor-hibride-ale-rusiei-in-republica-moldova-recunoscuta-oficial-de-luminita-odobescu","status":"publish","type":"post","link":"https:\/\/247stiri.ro\/index.php\/2024\/11\/18\/magnitudinea-si-diversitatea-actiunilor-hibride-ale-rusiei-in-republica-moldova-recunoscuta-oficial-de-luminita-odobescu\/","title":{"rendered":"Magnitudinea \u015fi diversitatea ac\u0163iunilor hibride ale Rusiei \u00een Republica Moldova, recunoscut\u0103 oficial de Lumini\u021ba Odobescu"},"content":{"rendered":"<p>Ea a participat la Consiliul Afaceri Externe de la Bruxelles. \u00cen marja acestei reuniuni, \u015fefii diploma\u0163iilor din Uniunea European\u0103 s-au \u00eent\u00e2lnit cu ministrul de Externe al Republicii Moldova, Mihai Pop\u015foi.&#8221;Putem spune foarte clar \u015fi aceasta a fost o opinie \u00eemp\u0103rt\u0103\u015fit\u0103 \u015fi de ceilal\u0163i mini\u015ftri de Externe, c\u0103 s-a \u00eencercat subminarea procesului electoral democratic \u015fi deturnarea parcursului european al Republicii Moldova&#8221;, a subliniat Odobescu.Astfel, a ar\u0103tat Lumini\u0163a Odobescu, oficialii fac eforturi pentru a g\u0103si modalit\u0103\u0163i \u00een care pot sprijini autorit\u0103\u0163ile de la Chi\u015fin\u0103u pentru a face fa\u0163\u0103 amenin\u0163\u0103rilor hibride \u015fi pentru a consolida parcursul european al acestei \u0163\u0103ri.&#8221;Credem c\u0103 prin rezultatul pozitiv de la acest referendum Republica Moldova are o perspectiv\u0103 real\u0103 de a se conecta ireversibil la proiectul european, ca singur\u0103 op\u0163iune strategic\u0103, care poate asigura Republicii Moldova securitate, pace \u015fi prosperitate&#8221;, a ad\u0103ugat Odobescu.<\/p>\n<p><a title=\"Drona misterioasa, gasita pe malul Prutului, in Botosani. Autoritatile inca nu stiu provenienta\" href=\"https:\/\/www.realitatea.net\/stiri\/actual\/drona-misterioasa-gasita-pe-malul-prutuui-in-botosani-autoritatile-inca-nu-stiu-provenienta_673b7261cd7a7d338758bffa\">Dron\u0103 misterioas\u0103, g\u0103sit\u0103 pe malul Prutului, \u00een Boto\u0219ani. Autorit\u0103\u021bile \u00eenc\u0103 nu \u0219tiu provenien\u021ba<\/a>Aceasta a f\u0103cut apel la coordonare, pentru a contracara amenin\u0163\u0103rile hibride.&#8221;Amplitudinea ac\u0163iunilor hibride ale Rusiei, dar \u015fi resursele financiare uria\u015fe pe care Rusia le-a mobilizat \u00een alegerile din Republica Moldova \u015fi \u00een referendum, pentru a deturna parcursul european, ne-au f\u0103cut s\u0103 ne punem \u00eentrebarea \u015fi s\u0103 vedem cum putem s\u0103 ne coordon\u0103m mai bine, nu numai \u00een plan european, al Uniunii Europene, dar \u015fi \u00een cadrul NATO, de a contracara aceste ac\u0163iuni hibride. Riscul este \u00een egal\u0103 m\u0103sur\u0103 nu numai pentru Republica Moldova \u015fi Georgia, ci \u015fi pentru alte state europene, uit\u00e2ndu-ne la ce a putut s\u0103 fac\u0103 Rusia, inclusiv prin utilizarea unor canale media&#8221;, a declarat Odobescu pentru Agerpres.Ministrul rom\u00e2n apreciaz\u0103 c\u0103 riscurile nu sunt la fel de ridicate pentru statele UE, dar \u0163\u0103rile trebuie s\u0103 fie vigilente.&#8221;Magnitudinea \u015fi diversitatea ac\u0163iunilor hibride au fost foarte vizibile \u00een Republica Moldova \u015fi este foarte important s\u0103 ne coordon\u0103m \u015fi s\u0103 vedem cum putem s\u0103 ajut\u0103m mai bine Republica Moldova, \u00een contextul \u00een care anul viitor vor fi organizate din nou alegeri&#8221;, a mai spus Lumini\u0163a Odobescu.\u00a0<\/p>\n<p><a title=\"Avertisment dur din partea unui general ucrainean: George Simion reprezinta un pericol daca legaturile cu Rusia se adeveresc VIDEO\" href=\"https:\/\/www.realitatea.net\/stiri\/actual\/avertisment-dur-din-partea-unui-general-ucrainean-george-simion-reprezinta-un-pericol-daca-legaturile-cu-rusia-se-adeveresc-video_6737aa634f7d192369768542\">Avertisment dur din partea unui general ucrainean: George Simion reprezint\u0103 un pericol dac\u0103 leg\u0103turile cu Rusia se adeveresc VIDEO<\/a><\/p>","protected":false},"excerpt":{"rendered":"<p>Ea a participat la Consiliul Afaceri Externe de la Bruxelles. \u00cen marja acestei reuniuni, \u015fefii&hellip;<\/p>\n","protected":false},"author":0,"featured_media":8490,"comment_status":"open","ping_status":"open","sticky":false,"template":"","format":"standard","meta":{"footnotes":""},"categories":[2],"tags":[],"class_list":["post-8491","post","type-post","status-publish","format-standard","has-post-thumbnail","hentry","category-actual"],"_links":{"self":[{"href":"https:\/\/247stiri.ro\/index.php\/wp-json\/wp\/v2\/posts\/8491","targetHints":{"allow":["GET"]}}],"collection":[{"href":"https:\/\/247stiri.ro\/index.php\/wp-json\/wp\/v2\/posts"}],"about":[{"href":"https:\/\/247stiri.ro\/index.php\/wp-json\/wp\/v2\/types\/post"}],"replies":[{"embeddable":true,"href":"https:\/\/247stiri.ro\/index.php\/wp-json\/wp\/v2\/comments?post=8491"}],"version-history":[{"count":0,"href":"https:\/\/247stiri.ro\/index.php\/wp-json\/wp\/v2\/posts\/8491\/revisions"}],"wp:featuredmedia":[{"embeddable":true,"href":"https:\/\/247stiri.ro\/index.php\/wp-json\/wp\/v2\/media\/8490"}],"wp:attachment":[{"href":"https:\/\/247stiri.ro\/index.php\/wp-json\/wp\/v2\/media?parent=8491"}],"wp:term":[{"taxonomy":"category","embeddable":true,"href":"https:\/\/247stiri.ro\/index.php\/wp-json\/wp\/v2\/categories?post=8491"},{"taxonomy":"post_tag","embeddable":true,"href":"https:\/\/247stiri.ro\/index.php\/wp-json\/wp\/v2\/tags?post=8491"}],"curies":[{"name":"wp","href":"https:\/\/api.w.org\/{rel}","templated":true}]}}