{"id":8492,"date":"2024-11-18T22:45:18","date_gmt":"2024-11-18T22:45:18","guid":{"rendered":"https:\/\/247stiri.ro\/index.php\/2024\/11\/18\/vesti-bune-in-tara-noastra-un-produs-esential-in-multe-case-ar-putea-deveni-mult-mai-ieftin\/"},"modified":"2024-11-18T22:45:18","modified_gmt":"2024-11-18T22:45:18","slug":"vesti-bune-in-tara-noastra-un-produs-esential-in-multe-case-ar-putea-deveni-mult-mai-ieftin","status":"publish","type":"post","link":"https:\/\/247stiri.ro\/index.php\/2024\/11\/18\/vesti-bune-in-tara-noastra-un-produs-esential-in-multe-case-ar-putea-deveni-mult-mai-ieftin\/","title":{"rendered":"Ve\u0219ti bune \u00een \u021bara noastr\u0103! Un produs esen\u021bial \u00een multe case ar putea deveni mult mai ieftin"},"content":{"rendered":"<p>Cauzele scumpirii uleiului de m\u0103sline<\/p>\n<p>\u00cen ultimii doi ani, <a href=\"https:\/\/www.realitatea.net\/stiri\/actual\/ingredientul-special-pe-care-il-pun-turcoaicele-in-pilaf-pentru-un-gust-de-vis-asa-iese-cremos-si-are-o-savoare-deosebita_6727a36693ff3b2a711cfc32\" target=\"_blank\">pre\u021burile uleiului de m\u0103sline<\/a> au fost influen\u021bate de o serie de factori care au dus la cre\u0219teri spectaculoase. Seceta sever\u0103 din Spania, una dintre cele mai mari zone produc\u0103toare de ulei de m\u0103sline la nivel global, a afectat serios recoltele. Reducerea disponibilit\u0103\u021bii m\u0103slinelor a avut un impact semnificativ asupra pie\u021bei mondiale, iar aceast\u0103 criz\u0103 climatic\u0103 a fost agravat\u0103 de infla\u021bia global\u0103 \u0219i cre\u0219terea costurilor \u00een lan\u021burile de produc\u021bie \u0219i distribu\u021bie.<\/p>\n<p>Astfel, \u00een 2024, pre\u021bul uleiului de m\u0103sline a \u00eenregistrat cre\u0219teri alarmante \u00een Uniunea European\u0103, cu un plus de 50% fa\u021b\u0103 de anul precedent, iar \u00een Marea Britanie, pre\u021burile au crescut cu 150% comparativ cu sf\u00e2r\u0219itul lui 2021. Aceste scumpiri istorice au afectat puternic bugetele gospodinelor din \u00eentreaga lume.<\/p>\n<p>\u201eImpactul combinat al secetei \u0219i al infla\u021biei a fost devastator pentru \u00eentreaga industrie\u201d, a declarat Miguel \u00c1ngel Guzm\u00e1n, directorul de v\u00e2nz\u0103ri al Deoleo, care produce branduri celebre precum Bertolli \u0219i Carbonell.<\/p>\n<p>Previziuni pozitive pentru sezonul 2024-2025<\/p>\n<p>Cu toate acestea, compania Deoleo este optimist\u0103 cu privire la viitor. Se estimeaz\u0103 o recolt\u0103 mai bun\u0103 \u00een sezonul 2024-2025, ceea ce ar putea duce la o reducere semnificativ\u0103 a pre\u021burilor. Potrivit declara\u021biilor oficiale ale companiei, sc\u0103derea pre\u021burilor ar putea \u00eencepe \u00eentre lunile noiembrie \u0219i ianuarie, dac\u0103 condi\u021biile meteorologice vor fi favorabile \u0219i procesul de recoltare va decurge f\u0103r\u0103 probleme.<\/p>\n<p>\u201ePerspectivele sunt \u00eencurajatoare, iar pia\u021ba ar trebui s\u0103 \u00eenceap\u0103 s\u0103 se stabilizeze pe m\u0103sur\u0103 ce oferta cre\u0219te \u0219i normalitatea revine treptat\u201d, a precizat Guzm\u00e1n. Aceasta ar putea \u00eensemna o gur\u0103 de aer proasp\u0103t pentru consumatorii care au fost afecta\u021bi de pre\u021burile mari ale uleiului de m\u0103sline.<\/p>\n<p>Totu\u0219i, se estimeaz\u0103 c\u0103 pre\u021burile pentru uleiul de m\u0103sline extravirgin, un produs premium deosebit de apreciat de consumatori, ar putea r\u0103m\u00e2ne sub presiune din cauza cererii ridicate pentru acest tip de produs de \u00eenalt\u0103 calitate.<\/p>\n<p>Situa\u021bia altor produc\u0103tori mediteraneeni<\/p>\n<p>\u00cen timp ce Spania se \u00eendreapt\u0103 spre o redresare a produc\u021biei, al\u021bi mari produc\u0103tori de ulei de m\u0103sline din bazinul mediteranean au o situa\u021bie mai complicat\u0103. Grecia continu\u0103 s\u0103 fie lovit\u0103 de secete severe, ceea ce reduce speran\u021bele unei recolte mari \u00een acest an.<\/p>\n<p>\u00cen schimb, Turcia, care a devenit al doilea mare produc\u0103tor mondial de ulei de m\u0103sline \u00een 2023, se preg\u0103te\u0219te pentru o recolt\u0103 record de aproximativ 475.000 de tone. Aceasta ar putea ajuta la atenuarea presiunilor de pe pia\u021ba global\u0103 \u0219i la men\u021binerea pre\u021burilor la un nivel mai stabil.<\/p>\n<p><a href=\"https:\/\/www.realitatea.net\/stiri\/actual\/dezastrul-provocat-de-canicula-si-seceta-din-an-acest-an-productia-agricola-in-europa-are-de-suferit-cerealele-porumbul-uleiul-de-masline-si-fructele-tot-mai-putine_66b07f8b11379e75166a9d9a\" target=\"_blank\">Dup\u0103 o perioad\u0103 extrem de dificil\u0103,<\/a> care a f\u0103cut ca uleiul de m\u0103sline s\u0103 devin\u0103 un lux pentru multe familii, perspectivele pentru sezonul 2024-2025 sunt mult mai optimiste.\u00a0<\/p>\n<p>\u00a0<\/p>","protected":false},"excerpt":{"rendered":"<p>Cauzele scumpirii uleiului de m\u0103sline \u00cen ultimii doi ani, pre\u021burile uleiului de m\u0103sline au fost&hellip;<\/p>\n","protected":false},"author":0,"featured_media":8493,"comment_status":"open","ping_status":"open","sticky":false,"template":"","format":"standard","meta":{"footnotes":""},"categories":[2],"tags":[],"class_list":["post-8492","post","type-post","status-publish","format-standard","has-post-thumbnail","hentry","category-actual"],"_links":{"self":[{"href":"https:\/\/247stiri.ro\/index.php\/wp-json\/wp\/v2\/posts\/8492","targetHints":{"allow":["GET"]}}],"collection":[{"href":"https:\/\/247stiri.ro\/index.php\/wp-json\/wp\/v2\/posts"}],"about":[{"href":"https:\/\/247stiri.ro\/index.php\/wp-json\/wp\/v2\/types\/post"}],"replies":[{"embeddable":true,"href":"https:\/\/247stiri.ro\/index.php\/wp-json\/wp\/v2\/comments?post=8492"}],"version-history":[{"count":0,"href":"https:\/\/247stiri.ro\/index.php\/wp-json\/wp\/v2\/posts\/8492\/revisions"}],"wp:featuredmedia":[{"embeddable":true,"href":"https:\/\/247stiri.ro\/index.php\/wp-json\/wp\/v2\/media\/8493"}],"wp:attachment":[{"href":"https:\/\/247stiri.ro\/index.php\/wp-json\/wp\/v2\/media?parent=8492"}],"wp:term":[{"taxonomy":"category","embeddable":true,"href":"https:\/\/247stiri.ro\/index.php\/wp-json\/wp\/v2\/categories?post=8492"},{"taxonomy":"post_tag","embeddable":true,"href":"https:\/\/247stiri.ro\/index.php\/wp-json\/wp\/v2\/tags?post=8492"}],"curies":[{"name":"wp","href":"https:\/\/api.w.org\/{rel}","templated":true}]}}