{"id":8579,"date":"2024-11-19T08:47:11","date_gmt":"2024-11-19T08:47:11","guid":{"rendered":"https:\/\/247stiri.ro\/index.php\/2024\/11\/19\/demisie-in-guvernul-ciolacu-un-nume-cu-greutate-paraseste-executivul-cu-5-zile-inainte-de-alegeri\/"},"modified":"2024-11-19T08:47:11","modified_gmt":"2024-11-19T08:47:11","slug":"demisie-in-guvernul-ciolacu-un-nume-cu-greutate-paraseste-executivul-cu-5-zile-inainte-de-alegeri","status":"publish","type":"post","link":"https:\/\/247stiri.ro\/index.php\/2024\/11\/19\/demisie-in-guvernul-ciolacu-un-nume-cu-greutate-paraseste-executivul-cu-5-zile-inainte-de-alegeri\/","title":{"rendered":"DEMISIE \u00een Guvernul Ciolacu. Un nume cu greutate p\u0103r\u0103se\u0219te Executivul, cu 5 zile \u00eenainte de alegeri"},"content":{"rendered":"<p>Ministrul Dezvolt\u0103rii, Lucr\u0103rilor Publice \u0219i Administra\u021biei, liberalul Adrian Ve\u0219tea, p\u0103r\u0103se\u0219te Guvernul Ciolacu cu mai bine de o lun\u0103 \u00eenainte de finalul mandatului. Acesta urmeaz\u0103 s\u0103 preia func\u021bia de pre\u0219edinte al Consiliului Jude\u021bean Bra\u0219ov, ob\u021binut\u0103 la alegerile locale din luna iunie.<\/p>\n<p>\u00cen v\u00e2rs\u0103 de 50 de ani, Adrian Ve\u0219tea a ajuns ministru \u00een Guvernul Ciolacu \u00een 2023, tocmai din postura de pre\u0219edinte al CJ Bra\u0219ov, func\u021bie pe care o ocupa din 2016. Anterior, timp de 12 ani, acesta a fost primar al ora\u0219ului R\u00e2\u0219nov.<\/p>\n\n<p>Foto: Inquam Photos<\/p>\n<p>Potrivit unui anun\u021b al MDLPA, ministrul Ve\u015ftea va sus\u0163ine o conferin\u0163\u0103 de pres\u0103, mar\u0163i, la ora 13,00, \u00een cadrul c\u0103reia va prezenta bilan\u0163ul activit\u0103\u0163ii pe durata mandatului.<\/p>\n<p>Adrian Ve\u0219tea ar urma s\u0103 preia joi func\u021bia de pre\u0219edinte al CJ Bra\u0219ov.<\/p>","protected":false},"excerpt":{"rendered":"<p>Ministrul Dezvolt\u0103rii, Lucr\u0103rilor Publice \u0219i Administra\u021biei, liberalul Adrian Ve\u0219tea, p\u0103r\u0103se\u0219te Guvernul Ciolacu cu mai bine&hellip;<\/p>\n","protected":false},"author":0,"featured_media":8580,"comment_status":"open","ping_status":"open","sticky":false,"template":"","format":"standard","meta":{"footnotes":""},"categories":[3],"tags":[],"class_list":["post-8579","post","type-post","status-publish","format-standard","has-post-thumbnail","hentry","category-politica"],"_links":{"self":[{"href":"https:\/\/247stiri.ro\/index.php\/wp-json\/wp\/v2\/posts\/8579","targetHints":{"allow":["GET"]}}],"collection":[{"href":"https:\/\/247stiri.ro\/index.php\/wp-json\/wp\/v2\/posts"}],"about":[{"href":"https:\/\/247stiri.ro\/index.php\/wp-json\/wp\/v2\/types\/post"}],"replies":[{"embeddable":true,"href":"https:\/\/247stiri.ro\/index.php\/wp-json\/wp\/v2\/comments?post=8579"}],"version-history":[{"count":0,"href":"https:\/\/247stiri.ro\/index.php\/wp-json\/wp\/v2\/posts\/8579\/revisions"}],"wp:featuredmedia":[{"embeddable":true,"href":"https:\/\/247stiri.ro\/index.php\/wp-json\/wp\/v2\/media\/8580"}],"wp:attachment":[{"href":"https:\/\/247stiri.ro\/index.php\/wp-json\/wp\/v2\/media?parent=8579"}],"wp:term":[{"taxonomy":"category","embeddable":true,"href":"https:\/\/247stiri.ro\/index.php\/wp-json\/wp\/v2\/categories?post=8579"},{"taxonomy":"post_tag","embeddable":true,"href":"https:\/\/247stiri.ro\/index.php\/wp-json\/wp\/v2\/tags?post=8579"}],"curies":[{"name":"wp","href":"https:\/\/api.w.org\/{rel}","templated":true}]}}