{"id":8617,"date":"2024-11-19T09:45:29","date_gmt":"2024-11-19T09:45:29","guid":{"rendered":"https:\/\/247stiri.ro\/index.php\/2024\/11\/19\/ctp-o-desfiinteaza-pe-elena-lasconi-dupa-dezbaterea-prezidentiabililor-candidatura-este-o-palarie-prea-mare-pentru-ea-mi-e-mila-de-dansa\/"},"modified":"2024-11-19T09:45:29","modified_gmt":"2024-11-19T09:45:29","slug":"ctp-o-desfiinteaza-pe-elena-lasconi-dupa-dezbaterea-prezidentiabililor-candidatura-este-o-palarie-prea-mare-pentru-ea-mi-e-mila-de-dansa","status":"publish","type":"post","link":"https:\/\/247stiri.ro\/index.php\/2024\/11\/19\/ctp-o-desfiinteaza-pe-elena-lasconi-dupa-dezbaterea-prezidentiabililor-candidatura-este-o-palarie-prea-mare-pentru-ea-mi-e-mila-de-dansa\/","title":{"rendered":"CTP o desfiin\u021beaz\u0103 pe Elena Lasconi dup\u0103 dezbaterea preziden\u021biabililor: \u201eCandidatura este o p\u0103l\u0103rie prea mare pentru ea. Mi-e mil\u0103 de d\u00e2nsa\u201d"},"content":{"rendered":"<p>Verdictul lui CTP a fost unul devastator \u00een cazul Elenei Lasconi. Jurnalistul sus\u021bine c\u0103 singurul motiv pentru care po\u021bi s\u0103 votezi candidatul USR este mila. \u201dElena Lasconi \u2013 \u00eenc\u0103 o dat\u0103, mi-e mil\u0103 de d\u00e2nsa. Mila \u0219i simpatia cred c\u0103 sunt singurele cauze care te-ar putea \u00eendemna s-o votezi\u201d.<\/p>\n<p>CTP a criticat lipsa de preg\u0103tire a Elenei Lasconi, \u00een special \u00een domeniile principiale pentru un pre\u0219edinte: politic\u0103 extern\u0103 \u0219i ap\u0103rare. \u201dIar\u0103\u0219i, \u0219i dureros de clar, a ar\u0103tat c\u0103 vede ca prin sit\u0103 \u00een materie de politic\u0103 extern\u0103 \u0219i de ap\u0103rare (\u201eS\u0103 rezist\u0103m singuri Rusiei 30 de zile p\u00e2n\u0103 c\u00e2nd intervine NATO\u201d este de antologia umorului cimitirelor), dar cum ar putea s\u0103 vad\u0103 altfel c\u00e2nd i-a fost aruncat\u0103 pe cap, peste noapte, o p\u0103l\u0103rie care-i vine p\u00e2n\u0103 la umeri?\u201d, puncteaz\u0103 jurnalistul.\u00a0<\/p>\n<p>De asemenea, CTP nu-\u0219i ascunde dezam\u0103girea fa\u021b\u0103 de candidatura liderului USR, ar\u0103t\u00e2nd c\u0103 gestul lui Ludovic Orban de a se retrage din cursa prezedin\u021bial\u0103 \u00een favoarea Elenei Lasconi a fost unul inutil. \u201dCred c\u0103 Ludovic Orban, retras din curs\u0103 \u00een favoarea d\u00e2nsei, \u00ee\u0219i d\u0103 palme\u201d, este concluzia liderului de opinie.<\/p>","protected":false},"excerpt":{"rendered":"<p>Verdictul lui CTP a fost unul devastator \u00een cazul Elenei Lasconi. Jurnalistul sus\u021bine c\u0103 singurul&hellip;<\/p>\n","protected":false},"author":0,"featured_media":8618,"comment_status":"open","ping_status":"open","sticky":false,"template":"","format":"standard","meta":{"footnotes":""},"categories":[3],"tags":[],"class_list":["post-8617","post","type-post","status-publish","format-standard","has-post-thumbnail","hentry","category-politica"],"_links":{"self":[{"href":"https:\/\/247stiri.ro\/index.php\/wp-json\/wp\/v2\/posts\/8617","targetHints":{"allow":["GET"]}}],"collection":[{"href":"https:\/\/247stiri.ro\/index.php\/wp-json\/wp\/v2\/posts"}],"about":[{"href":"https:\/\/247stiri.ro\/index.php\/wp-json\/wp\/v2\/types\/post"}],"replies":[{"embeddable":true,"href":"https:\/\/247stiri.ro\/index.php\/wp-json\/wp\/v2\/comments?post=8617"}],"version-history":[{"count":0,"href":"https:\/\/247stiri.ro\/index.php\/wp-json\/wp\/v2\/posts\/8617\/revisions"}],"wp:featuredmedia":[{"embeddable":true,"href":"https:\/\/247stiri.ro\/index.php\/wp-json\/wp\/v2\/media\/8618"}],"wp:attachment":[{"href":"https:\/\/247stiri.ro\/index.php\/wp-json\/wp\/v2\/media?parent=8617"}],"wp:term":[{"taxonomy":"category","embeddable":true,"href":"https:\/\/247stiri.ro\/index.php\/wp-json\/wp\/v2\/categories?post=8617"},{"taxonomy":"post_tag","embeddable":true,"href":"https:\/\/247stiri.ro\/index.php\/wp-json\/wp\/v2\/tags?post=8617"}],"curies":[{"name":"wp","href":"https:\/\/api.w.org\/{rel}","templated":true}]}}