{"id":8655,"date":"2024-11-19T10:48:29","date_gmt":"2024-11-19T10:48:29","guid":{"rendered":"https:\/\/247stiri.ro\/index.php\/2024\/11\/19\/ciuca-mesaj-important-inainte-de-incheierea-campaniei-electorale-nu-poti-permanent-sa-ceri-ca-celalalt-sa-se-retraga-si-sa-nu-existe-niciun-fel-de-alta-optiune\/"},"modified":"2024-11-19T10:48:29","modified_gmt":"2024-11-19T10:48:29","slug":"ciuca-mesaj-important-inainte-de-incheierea-campaniei-electorale-nu-poti-permanent-sa-ceri-ca-celalalt-sa-se-retraga-si-sa-nu-existe-niciun-fel-de-alta-optiune","status":"publish","type":"post","link":"https:\/\/247stiri.ro\/index.php\/2024\/11\/19\/ciuca-mesaj-important-inainte-de-incheierea-campaniei-electorale-nu-poti-permanent-sa-ceri-ca-celalalt-sa-se-retraga-si-sa-nu-existe-niciun-fel-de-alta-optiune\/","title":{"rendered":"Ciuc\u0103, mesaj important \u00eenainte de \u00eencheierea campaniei electorale: Nu po\u0163i permanent s\u0103 ceri ca celalalt s\u0103 se retrag\u0103 \u015fi s\u0103 nu existe niciun fel de alt\u0103 op\u0163iune"},"content":{"rendered":"<p>Pre\u015fedintele PNL a fost \u00eentrebat din nou, mar\u0163i, despre disponibilitatea de a se retrage din cursa electoral\u0103 pentru Pre\u015fedin\u0163ie \u015fi de a sus\u0163ine un singur candidat de dreapta.<\/p>\n<p>\u201dMai sunt trei zile (&#8230;) Avem deschis\u0103 op\u0163iunea pentru dialog. A\u015ftept\u0103m s\u0103 avem acest dialog, dar nu po\u0163i permanent s\u0103 ceri ca celalalt s\u0103 se retrag\u0103 \u015fi s\u0103 nu existe niciun fel de alt\u0103 op\u0163iune\u201d, a afirmat Ciuc\u0103.<\/p>\n<p>Acesta a ad\u0103ugat c\u0103 are toat\u0103 disponibilitatea pentru dialog, dar a\u015fteapt\u0103 acela\u015fi lucru \u015fi de la contracandida\u0163ii s\u0103i.<\/p>\n<p>\u201dC\u00e2nd vom avea o deschidere \u015fi din partea celorlal\u0163i contracandida\u0163i avem toat\u0103 disponibilitatea pentru dialog\u201d, a mai declarat Ciuc\u0103.<\/p>\n<p>Pre\u015fedintele USR, <a href=\"https:\/\/www.realitatea.net\/stiri\/actual\/elena-lasconi-o-noua-gafa-de-proportii-nu-stie-ce-este-si-daca-a-fost-activat-vreodata-articolul-5-din-nato_673b8f7339ef2f3ff1551b3f\" target=\"_blank\">Elena Lasconi<\/a>, a transmis, duminic\u0103, un mesaj, \u00een urma apelului pre\u015fedintelui CJ Bihor, <a href=\"https:\/\/www.realitatea.net\/stiri\/actual\/ilie-bolojan-daca-nu-se-va-face-o-intelegere-pentru-prezidentiale-va-rog-sa-votati-rational-si-util-nicolae-ciuca-presedinte_6739e31f258d680c016b1172\" target=\"_blank\">Ilie Bolojan<\/a>, pentru o solu\u0163ie a candida\u0163ilor de dreapta, la preziden\u0163iale, pentru a evita fragmentarea votului, ea ar\u0103t\u00e2nd c\u0103 este de acord c\u0103, dac\u0103 vrem s\u0103 oprim blatul PSD, este nevoie de un gest ferm: candidat unic de dreapta.<\/p>","protected":false},"excerpt":{"rendered":"<p>Pre\u015fedintele PNL a fost \u00eentrebat din nou, mar\u0163i, despre disponibilitatea de a se retrage din&hellip;<\/p>\n","protected":false},"author":0,"featured_media":8656,"comment_status":"open","ping_status":"open","sticky":false,"template":"","format":"standard","meta":{"footnotes":""},"categories":[3],"tags":[],"class_list":["post-8655","post","type-post","status-publish","format-standard","has-post-thumbnail","hentry","category-politica"],"_links":{"self":[{"href":"https:\/\/247stiri.ro\/index.php\/wp-json\/wp\/v2\/posts\/8655","targetHints":{"allow":["GET"]}}],"collection":[{"href":"https:\/\/247stiri.ro\/index.php\/wp-json\/wp\/v2\/posts"}],"about":[{"href":"https:\/\/247stiri.ro\/index.php\/wp-json\/wp\/v2\/types\/post"}],"replies":[{"embeddable":true,"href":"https:\/\/247stiri.ro\/index.php\/wp-json\/wp\/v2\/comments?post=8655"}],"version-history":[{"count":0,"href":"https:\/\/247stiri.ro\/index.php\/wp-json\/wp\/v2\/posts\/8655\/revisions"}],"wp:featuredmedia":[{"embeddable":true,"href":"https:\/\/247stiri.ro\/index.php\/wp-json\/wp\/v2\/media\/8656"}],"wp:attachment":[{"href":"https:\/\/247stiri.ro\/index.php\/wp-json\/wp\/v2\/media?parent=8655"}],"wp:term":[{"taxonomy":"category","embeddable":true,"href":"https:\/\/247stiri.ro\/index.php\/wp-json\/wp\/v2\/categories?post=8655"},{"taxonomy":"post_tag","embeddable":true,"href":"https:\/\/247stiri.ro\/index.php\/wp-json\/wp\/v2\/tags?post=8655"}],"curies":[{"name":"wp","href":"https:\/\/api.w.org\/{rel}","templated":true}]}}